{"id":7347,"date":"2013-04-29T09:01:11","date_gmt":"2013-04-29T07:01:11","guid":{"rendered":"http:\/\/archivio.comune.potenza.it\/comune_wp\/?p=7347"},"modified":"2013-04-29T09:01:11","modified_gmt":"2013-04-29T07:01:11","slug":"gianpaolo-carretta-partito-democratico-insediamento-consiglio-comunale-baby","status":"publish","type":"post","link":"https:\/\/archivio.comune.potenza.it\/?p=7347","title":{"rendered":"Gianpaolo Carretta (Partito Democratico): Insediamento Consiglio Comunale baby"},"content":{"rendered":"<p>Nel corso del Consiglio comunale del 22 aprile \u00e8 avvenuto l&#8217;insediamento del consiglio baby, le cui elezioni si sono tenute alcuni giorni fa ed hanno visto Anna Caputo, un&#8217;alunna dell&#8217;Istituto comprensivo \u201cLuigi La Vista\u201d, diventare Sindaco del Municipio dei ragazzi e Noemi Lopardo, presidente del Consiglio.<\/p>\n<p>Come per il consiglio comunale ufficiale di Potenza, anche quello dei ragazzi \u00e8 formato da 41 consiglieri, nominati da tutti gli istituti comprensivi potentini e dalla scuola paritaria &#8220;Canossiane&#8221; ed appartenenti alle quarte e quinte classi elementari ed alle scuole medie.<\/p>\n<p>Gli studenti si sono mostrati tutti molto consapevoli del ruolo che sono stati chiamati a svolgere e che sar\u00e0 quello di affiancare attraverso proposte, richieste ed un continuo confronto, gli amministratori del capoluogo.<\/p>\n<p>L&#8217;importanza di poter coinvolgere i pi\u00f9 giovani nella politica cittadina porter\u00e0 una ventata di freschezza nelle idee, che saranno prontamente capaci di proporre, e grazie alla loro capacit\u00e0 di mostrarci come vorrebbero che fosse la nostra citt\u00e0, a misura di bambino, senza problematiche attinenti al loro mondo.<\/p>\n<p>\u00a0<\/p>\n<p>\u00a0<\/p>\n","protected":false},"excerpt":{"rendered":"<p>Nel corso del Consiglio comunale del 22 aprile \u00e8 avvenuto l&#8217;insediamento del consiglio baby, le cui elezioni si sono tenute alcuni giorni fa ed hanno &#8230; <\/p>\n","protected":false},"author":1,"featured_media":0,"comment_status":"closed","ping_status":"closed","sticky":false,"template":"single-sidebar.php","format":"standard","meta":{"footnotes":""},"categories":[384],"tags":[],"class_list":["post-7347","post","type-post","status-publish","format-standard","hentry","category-c243-comunicati-stampa-dei-consiglieri-243"],"_links":{"self":[{"href":"https:\/\/archivio.comune.potenza.it\/index.php?rest_route=\/wp\/v2\/posts\/7347"}],"collection":[{"href":"https:\/\/archivio.comune.potenza.it\/index.php?rest_route=\/wp\/v2\/posts"}],"about":[{"href":"https:\/\/archivio.comune.potenza.it\/index.php?rest_route=\/wp\/v2\/types\/post"}],"author":[{"embeddable":true,"href":"https:\/\/archivio.comune.potenza.it\/index.php?rest_route=\/wp\/v2\/users\/1"}],"replies":[{"embeddable":true,"href":"https:\/\/archivio.comune.potenza.it\/index.php?rest_route=%2Fwp%2Fv2%2Fcomments&post=7347"}],"version-history":[{"count":0,"href":"https:\/\/archivio.comune.potenza.it\/index.php?rest_route=\/wp\/v2\/posts\/7347\/revisions"}],"wp:attachment":[{"href":"https:\/\/archivio.comune.potenza.it\/index.php?rest_route=%2Fwp%2Fv2%2Fmedia&parent=7347"}],"wp:term":[{"taxonomy":"category","embeddable":true,"href":"https:\/\/archivio.comune.potenza.it\/index.php?rest_route=%2Fwp%2Fv2%2Fcategories&post=7347"},{"taxonomy":"post_tag","embeddable":true,"href":"https:\/\/archivio.comune.potenza.it\/index.php?rest_route=%2Fwp%2Fv2%2Ftags&post=7347"}],"curies":[{"name":"wp","href":"https:\/\/api.w.org\/{rel}","templated":true}]}}