{"id":7350,"date":"2013-04-29T09:06:55","date_gmt":"2013-04-29T07:06:55","guid":{"rendered":"http:\/\/archivio.comune.potenza.it\/comune_wp\/?p=7350"},"modified":"2013-04-29T09:06:55","modified_gmt":"2013-04-29T07:06:55","slug":"antonino-imbesi-popolo-della-liberta-petizione-su-revisione-piano-trasporti","status":"publish","type":"post","link":"https:\/\/archivio.comune.potenza.it\/?p=7350","title":{"rendered":"Antonino Imbesi (Popolo della Libert\u00e0): Petizione su revisione Piano Trasporti"},"content":{"rendered":"<p>Petizione per revisione del piano TPL<\/p>\n<p>Il VicePresidente del Consiglio Comunale di Potenza, Antonino Imbesi, ha comunicato di avere in preparazione una petizione per la modifica del Piano di Trasporto Pubblico Locale, che, ad oggi, mostra ancora serie problematiche e non incontra le esigenze dei cittadini.<\/p>\n<p>&#8220;<em>Il Consiglio Comunale Aperto con cui i Gruppi di Opposizione avevano chiesto modifiche al Piano dei Trasporti Locali, purtroppo, non ha avuto il seguito previsto ed, al momento, poco o nulla \u00e8 stato fatto per andare incontro alle richieste dei cittadini che vivono situazioni di disagio a causa del piano vigente. <\/em>\u2013 ha detto il VicePresidente \u2013<em>\u00a0 Nonostante gli impegni presi in quell\u2019Assise Municipale (di oltre 1 mese fa) nessun cambiamento serio \u00e8 stato adottato dalla Giunta Comunale, che, evidentemente, non \u00e8 in grado di modificare le proprie decisioni a causa di chiss\u00e0 quali problemi politici all\u2019interno della stessa. Ma la situazione non pu\u00f2 andare avanti cos\u00ec\u2026\u201d\u00a0 \u00a0<\/em><\/p>\n<p>Imbesi ha comunicato di aver ricevuto in queste settimane centinaia di sollecitazioni da parte di cittadini di Potenza, che, sicuramente conoscendo quanto lo stesso Consigliere sia attivo nella presentazione di atti amministrativi, gli hanno chiesto di presentare una petizione per la revisione completa del Piano di Trasporto Pubblico Locale.<\/p>\n<p>\u201c<em>Moltissimi potentini, sia de visu che tramite strumenti di comunicazione o multimediali, mi hanno chiesto di interessarmi della questione, <\/em>\u2013 ha chiarito il VicePresidente \u2013<em>\u00a0\u00a0 sollecitandomi, sulla scorta del grande risultato politico ottenuto con la petizione sulla ZTL che di fatto ha portato la Giunta Comunale ad azzerare la stessa, a presentare una petizione che chieda una revisione sostanziale anche dell\u2019attuale Piano TPL.\u201d<\/em><\/p>\n<p>Il Consigliere Imbesi ha rimarcato che anche questa petizione dovr\u00e0 essere, ancora una volta, condivisa con gli altri Consiglieri di Minoranza.<\/p>\n<div>\n<p>\u201c<em>Per raggiungere l\u2019obiettivo di una modifica sostanziale di un Piano Trasporti che in questo momento scontenta davvero tutti \u00e8 necessario <\/em>\u2013 ha concluso Imbesi \u2013<em>\u00a0\u00a0 che tutti i Consiglieri di Opposizione si coalizzino, cos\u00ec come fatto per la ZTL, per un forte coinvolgimento dell\u2019intera citt\u00e0. In tal maniera sar\u00e0 pi\u00f9 che chiaro che i potentini vogliono un piano pi\u00f9 adatto alle loro esigenze! In un momento in cui la politica vive momenti davvero non semplici, \u00e8 necessario tornare al significato vero della stessa, ossia di rappresentanza del popolo, per significare allo stesso che ci sono anche amministratori che non hanno smarrito o perso di vista il senso del proprio mandato. Se la Minoranza sar\u00e0 in grado di raccogliere anche stavolta almeno 300 firme, a norma dell\u2019articolo 43 del vigente Statuto Comunale, l\u2019intera Assise Municipale dovr\u00e0 esprimersi entro 90 giorni dalla sua presentazione a favore o contro una sacrosanta richiesta di modifica dell\u2019attuale Piano di trasporti. Ovviamente sar\u00e0 fondamentale che tutti i cittadini che la pensano come noi si facciano a loro volta promotori di questa iniziativa in modo da aiutare i loro rappresentanti in Municipio a raccogliere le firme necessarie&#8230;\u201d<\/em><\/p>\n<\/p><\/div>\n","protected":false},"excerpt":{"rendered":"<p>Petizione per revisione del piano TPL Il VicePresidente del Consiglio Comunale di Potenza, Antonino Imbesi, ha comunicato di avere in preparazione una petizione per la &#8230; <\/p>\n","protected":false},"author":1,"featured_media":0,"comment_status":"closed","ping_status":"closed","sticky":false,"template":"single-sidebar.php","format":"standard","meta":{"footnotes":""},"categories":[384],"tags":[],"class_list":["post-7350","post","type-post","status-publish","format-standard","hentry","category-c243-comunicati-stampa-dei-consiglieri-243"],"_links":{"self":[{"href":"https:\/\/archivio.comune.potenza.it\/index.php?rest_route=\/wp\/v2\/posts\/7350"}],"collection":[{"href":"https:\/\/archivio.comune.potenza.it\/index.php?rest_route=\/wp\/v2\/posts"}],"about":[{"href":"https:\/\/archivio.comune.potenza.it\/index.php?rest_route=\/wp\/v2\/types\/post"}],"author":[{"embeddable":true,"href":"https:\/\/archivio.comune.potenza.it\/index.php?rest_route=\/wp\/v2\/users\/1"}],"replies":[{"embeddable":true,"href":"https:\/\/archivio.comune.potenza.it\/index.php?rest_route=%2Fwp%2Fv2%2Fcomments&post=7350"}],"version-history":[{"count":0,"href":"https:\/\/archivio.comune.potenza.it\/index.php?rest_route=\/wp\/v2\/posts\/7350\/revisions"}],"wp:attachment":[{"href":"https:\/\/archivio.comune.potenza.it\/index.php?rest_route=%2Fwp%2Fv2%2Fmedia&parent=7350"}],"wp:term":[{"taxonomy":"category","embeddable":true,"href":"https:\/\/archivio.comune.potenza.it\/index.php?rest_route=%2Fwp%2Fv2%2Fcategories&post=7350"},{"taxonomy":"post_tag","embeddable":true,"href":"https:\/\/archivio.comune.potenza.it\/index.php?rest_route=%2Fwp%2Fv2%2Ftags&post=7350"}],"curies":[{"name":"wp","href":"https:\/\/api.w.org\/{rel}","templated":true}]}}