{"id":7360,"date":"2013-05-02T08:36:18","date_gmt":"2013-05-02T06:36:18","guid":{"rendered":"http:\/\/archivio.comune.potenza.it\/comune_wp\/?p=7360"},"modified":"2013-05-02T08:36:18","modified_gmt":"2013-05-02T06:36:18","slug":"antonino-imbesi-popolo-della-liberta-gruppi-di-minoranza-contrari-alla-vendita-del-tribunale","status":"publish","type":"post","link":"https:\/\/archivio.comune.potenza.it\/?p=7360","title":{"rendered":"Antonino Imbesi (Popolo della Libert\u00e0): Gruppi di minoranza contrari alla vendita del Tribunale"},"content":{"rendered":"<p style=\"text-align: justify;\"><span><span class=\"s12\">Il VicePresidente del Consiglio Comunale di Potenza, Antonino Imbesi, in una nota, <\/span><span class=\"s12\">ha comunicato l\u2019estrema contrariet\u00e0 dei Gruppi di Minoranza alla vera a propria svendita del Tribunale che la Giunta di Centro-Sinistra che governa la citt\u00e0 vuole realizzare ed ha sottolineato che gli stessi Gruppi faranno tutto quanto nelle loro possibilit\u00e0 per impedire che il Tribunale venga ceduto a prezzi irrisori <\/span><span class=\"s13\">mai decisi <\/span><span class=\"s13\">n\u00e9 autorizzati <\/span><span class=\"s13\">dal Consiglio Comunale<\/span><span class=\"s12\">.<\/span><\/span><span class=\"s12\">&#8220;<\/span><span class=\"s15\">Il vincolo di destinazione che la Giunta ha deciso unilateralmente di approvare <\/span><span class=\"s15\">in questi giorni <\/span><span class=\"s15\">non soddisfa i Gruppi di Minoranza per i quali <\/span><span class=\"s15\">la <\/span><span class=\"s15\">vendita (anzi svendita) <\/span><span class=\"s15\">del Palazzo di Giustizia <\/span><span class=\"s15\">non deve essere fatta <\/span><span class=\"s12\">&#8211; ha detto <\/span><span class=\"s12\">il Consigliere Municipale<\/span><span class=\"s12\"> \u2013 <\/span><span class=\"s15\">Il Consiglio aveva approvato una vendita a quasi il doppio del prezzo al quale oggi si vorrebbe cedere l\u2019immobile e sul quale <\/span><span class=\"s15\">prezzo dimezzato <\/span><span class=\"s15\">i Gruppi di Opposizione sono decisamente contrari, tanto da aver gi\u00e0 richiesto che l\u2019Assise Municipale si riunisca di nuovo per affrontare la questione ed esprimere un nuovo parere.<\/span><span class=\"s12\">\u201d<\/span><span class=\"s12\">Il Consigliere h<\/span><span class=\"s12\">a fatto notare che il prezzo di<\/span><span class=\"s12\"> vendita <\/span><span class=\"s12\">del Tribunale <\/span><span class=\"s12\">non \u00e8 una variabile indifferente ed anzi pesa notevolmente sul parere espresso dal Consiglio Comunale che aveva deciso favorevolmente<\/span><span class=\"s12\"> nel lontano 2008<\/span><span class=\"s12\"> solo se si fosse venduto a cifre vicine ai 5<\/span><span class=\"s12\">3<\/span><span class=\"s12\"> milioni di euro e non di poco superiori ai 30.<\/span><span class=\"s12\">&#8220;<\/span><span class=\"s15\">Per questo motivo, non volendo assolutamente svendere un bene che \u00e8 parte del patrimonio comunale i Consiglieri di <\/span><span class=\"s15\">M<\/span><span class=\"s15\">inoranza hanno gi\u00e0 chiesto l\u2019indizione di un Consiglio Comunale ed hanno raccolto le firme affinch\u00e9 la Massima Assise possa di nuovo esprimersi liberamente sull\u2019argomento e non venga bypassata da decisioni di altri organismi che su questa vendita non hanno ricevuto mandato <\/span><span class=\"s12\">&#8211; ha sottolineato <\/span><span class=\"s12\">il Consigliere Municipale<\/span><span class=\"s12\"> \u2013 <\/span><span class=\"s15\">Del resto se anche il Ministero di Grazia e Giustizia ed organismi ad esso collegati si sono detti contrari ci sar\u00e0 anche un motivo. Il<\/span><span class=\"s15\"> Consiglio deve essere chiamato ad esprimersi di nuovo sulle cambiate condizioni di vendita. <\/span><span class=\"s15\">Sono convintissimo che moltissimi Consiglieri, oltre a quelli di Minoranza che gi\u00e0 si sono espressi contro questa vera e propria svendita, si dichiareranno contrari alla scelta della Giunta Comunale, <\/span><span class=\"s15\">decisione che peraltro considero<\/span><span class=\"s15\"> completamente arbitraria perch\u00e9 non suffragata da alcun mandato a ridurre il prezzo<\/span><span class=\"s12\">\u201d.<\/span><span class=\"s12\">Imbesi<\/span><span class=\"s12\"> ha fatto notare che <\/span><span class=\"s12\">comunque <\/span><span class=\"s12\">l\u2019Assise Comunale<\/span><span class=\"s12\"> andr\u00e0 convocat<\/span><span class=\"s12\">a<\/span><span class=\"s12\"> prima che il Consiglio di Stato si esprima sull\u2019argomento, pendendo presso lo stesso il ricorso dell\u2019azienda interessata all\u2019acquisto<\/span><span class=\"s12\">.<\/span><span class=\"s12\">&#8220;<\/span><span class=\"s15\">E\u2019 necessario convocare il Consiglio con urgenza<\/span><span class=\"s12\">&#8211; ha c<\/span><span class=\"s12\">hius<\/span><span class=\"s12\">o IMBESI \u2013 <\/span><span class=\"s15\">in modo che ognuno dei Consiglieri Municipali sia conscio della iniziativa che la Giunta ha intrapreso ed esprima liberamente la propria volont\u00e0 confermando o meno la <\/span><span class=\"s15\">decisione<\/span><span class=\"s15\"> di cedere il bene. E questo deve necessariamente avvenire prima della discussione del ricorso presso il Consiglio di Stato in modo che anche l\u2019Organo Giurisdizionale ne abbia opportuna conoscenza. La <\/span><span class=\"s15\">G<\/span><span class=\"s15\">iunta non pu\u00f2 operare senza specifico mandato <\/span><span class=\"s15\">decidendo arbitrariamente per una<\/span><span class=\"s15\">fortissima <\/span><span class=\"s15\">riduzione de<\/span><span class=\"s15\">l<\/span><span class=\"s15\"> cost<\/span><span class=\"s15\">o di vendita<\/span><span class=\"s15\">, peraltro mettendo a rischio anche l<\/span><span class=\"s15\">\u2019intero<\/span><span class=\"s15\">Cons<\/span><span class=\"s15\">iglio Comunale <\/span><span class=\"s15\">di fronte alla Corte dei Conti <\/span><span class=\"s15\">(<\/span><span class=\"s15\">che potrebbe ritenerlo responsabile di un danno erariale certamente non voluto<\/span><span class=\"s15\">),<\/span><span class=\"s15\"> innesca<\/span><span class=\"s15\">ndo<\/span><span class=\"s15\">possibili richieste di risarcimento da parte della<\/span><span class=\"s15\"> medesima Corte.<\/span><\/p>\n","protected":false},"excerpt":{"rendered":"<p>Il VicePresidente del Consiglio Comunale di Potenza, Antonino Imbesi, in una nota, ha comunicato l\u2019estrema contrariet\u00e0 dei Gruppi di Minoranza alla vera a propria svendita &#8230; <\/p>\n","protected":false},"author":1,"featured_media":0,"comment_status":"closed","ping_status":"closed","sticky":false,"template":"single-sidebar.php","format":"standard","meta":{"footnotes":""},"categories":[384],"tags":[],"class_list":["post-7360","post","type-post","status-publish","format-standard","hentry","category-c243-comunicati-stampa-dei-consiglieri-243"],"_links":{"self":[{"href":"https:\/\/archivio.comune.potenza.it\/index.php?rest_route=\/wp\/v2\/posts\/7360"}],"collection":[{"href":"https:\/\/archivio.comune.potenza.it\/index.php?rest_route=\/wp\/v2\/posts"}],"about":[{"href":"https:\/\/archivio.comune.potenza.it\/index.php?rest_route=\/wp\/v2\/types\/post"}],"author":[{"embeddable":true,"href":"https:\/\/archivio.comune.potenza.it\/index.php?rest_route=\/wp\/v2\/users\/1"}],"replies":[{"embeddable":true,"href":"https:\/\/archivio.comune.potenza.it\/index.php?rest_route=%2Fwp%2Fv2%2Fcomments&post=7360"}],"version-history":[{"count":0,"href":"https:\/\/archivio.comune.potenza.it\/index.php?rest_route=\/wp\/v2\/posts\/7360\/revisions"}],"wp:attachment":[{"href":"https:\/\/archivio.comune.potenza.it\/index.php?rest_route=%2Fwp%2Fv2%2Fmedia&parent=7360"}],"wp:term":[{"taxonomy":"category","embeddable":true,"href":"https:\/\/archivio.comune.potenza.it\/index.php?rest_route=%2Fwp%2Fv2%2Fcategories&post=7360"},{"taxonomy":"post_tag","embeddable":true,"href":"https:\/\/archivio.comune.potenza.it\/index.php?rest_route=%2Fwp%2Fv2%2Ftags&post=7360"}],"curies":[{"name":"wp","href":"https:\/\/api.w.org\/{rel}","templated":true}]}}