{"id":7410,"date":"2013-05-09T08:02:33","date_gmt":"2013-05-09T06:02:33","guid":{"rendered":"http:\/\/archivio.comune.potenza.it\/comune_wp\/?p=7410"},"modified":"2013-05-09T08:02:33","modified_gmt":"2013-05-09T06:02:33","slug":"gianpaolo-carretta-partito-democratico-risposta-all-opposizione-su-ztl","status":"publish","type":"post","link":"https:\/\/archivio.comune.potenza.it\/?p=7410","title":{"rendered":"Gianpaolo Carretta (Partito Democratico): Risposta all&#8217;opposizione su ZTL"},"content":{"rendered":"<p>La nuova disciplina della Ztl, entrata in vigore poche settimane fa, non \u00e8 certo frutto della richiesta dell&#8217;opposizione, come qualcuno ha sostenuto, bens\u00ec di un lungo lavoro dell&#8217;Amministrazione comunale, della maggioranza di centrosinistra e, in modo particolare del Gruppo del Partito Democratico, che la sostiene, fatto di monitoraggio nelle diverse stagioni, con l&#8217;obiettivo di tutelare i residenti nella fascia diurna e in quella notturna, guardando anche alla sicurezza e chiedendo una forza massiccia e contestuale delle forze dell&#8217;ordine, soprattutto il sabato sera e nei giorni di particolare afflusso.<\/p>\n<p style=\"text-align: justify; margin: 0cm 0cm 0pt; background: white;\">Il provvedimento, nato appunto in via sperimentale, con l&#8217;esigenza di essere modificato dopo un&#8217;attenta analisi, oltre ad andare incontro ai residenti, vuole agevolare anche i commercianti e i ristoratori, che hanno voglia di investire nella qualit\u00e0 delle proposte che attirino flussi maggiori di consumatori nel salotto buono della citt\u00e0, nonch\u00e9 tutta quella parte della comunit\u00e0 metropolitana, che vuole fruire dei servizi offerti dal capoluogo di regione.<\/p>\n<p style=\"text-align: justify; margin: 0cm 0cm 0pt; background: white;\">Va ricordato che l&#8217;opposizione in seno al consiglio comunale, non ne ha mai richiesto la modifica, bens\u00ec la totale abolizione, schierandosi contro le esigenze dei residenti e contro la giusta vivibilit\u00e0 del centro, che avrebbe riportato le vie e le piazze centrali al parcheggio selvaggio, all&#8217;incivilt\u00e0 e, di conseguenza, all&#8217;invivibilit\u00e0.<\/p>\n<p style=\"text-align: justify; margin: 0cm 0cm 0pt; background: white;\">Siamo estremamente soddisfatti che l\u2019Amministrazione comunale abbia, invece, salvaguardato la portata culturale di tale provvedimento, migliorandolo con alcuni correttivi suggeriti dal Gruppo PD, come l\u2019istituzione di una sola fascia oraria, la pedonalizzazione di Piazza Sedile, Piazza Pignatari, Largo Duomo e di Santa Lucia, e la riduzione del ticket di parcheggio,uniformando la citt\u00e0 al resto delle altre citt\u00e0 italiane ed europee, restituendo al centro storico una serena e decorosa vivibilit\u00e0 e contemperando le esigenze di tutta la comunit\u00e0, fatta di residenti, di commercianti e di normali fruitori.<\/p>\n","protected":false},"excerpt":{"rendered":"<p>La nuova disciplina della Ztl, entrata in vigore poche settimane fa, non \u00e8 certo frutto della richiesta dell&#8217;opposizione, come qualcuno ha sostenuto, bens\u00ec di un &#8230; <\/p>\n","protected":false},"author":1,"featured_media":0,"comment_status":"closed","ping_status":"closed","sticky":false,"template":"single-sidebar.php","format":"standard","meta":{"footnotes":""},"categories":[384],"tags":[],"class_list":["post-7410","post","type-post","status-publish","format-standard","hentry","category-c243-comunicati-stampa-dei-consiglieri-243"],"_links":{"self":[{"href":"https:\/\/archivio.comune.potenza.it\/index.php?rest_route=\/wp\/v2\/posts\/7410"}],"collection":[{"href":"https:\/\/archivio.comune.potenza.it\/index.php?rest_route=\/wp\/v2\/posts"}],"about":[{"href":"https:\/\/archivio.comune.potenza.it\/index.php?rest_route=\/wp\/v2\/types\/post"}],"author":[{"embeddable":true,"href":"https:\/\/archivio.comune.potenza.it\/index.php?rest_route=\/wp\/v2\/users\/1"}],"replies":[{"embeddable":true,"href":"https:\/\/archivio.comune.potenza.it\/index.php?rest_route=%2Fwp%2Fv2%2Fcomments&post=7410"}],"version-history":[{"count":0,"href":"https:\/\/archivio.comune.potenza.it\/index.php?rest_route=\/wp\/v2\/posts\/7410\/revisions"}],"wp:attachment":[{"href":"https:\/\/archivio.comune.potenza.it\/index.php?rest_route=%2Fwp%2Fv2%2Fmedia&parent=7410"}],"wp:term":[{"taxonomy":"category","embeddable":true,"href":"https:\/\/archivio.comune.potenza.it\/index.php?rest_route=%2Fwp%2Fv2%2Fcategories&post=7410"},{"taxonomy":"post_tag","embeddable":true,"href":"https:\/\/archivio.comune.potenza.it\/index.php?rest_route=%2Fwp%2Fv2%2Ftags&post=7410"}],"curies":[{"name":"wp","href":"https:\/\/api.w.org\/{rel}","templated":true}]}}