{"id":7411,"date":"2013-05-09T08:04:15","date_gmt":"2013-05-09T06:04:15","guid":{"rendered":"http:\/\/archivio.comune.potenza.it\/comune_wp\/?p=7411"},"modified":"2013-05-09T08:04:15","modified_gmt":"2013-05-09T06:04:15","slug":"vito-mitro-gruppo-misto-mercato-mensile-patrimonio-e-risorsa","status":"publish","type":"post","link":"https:\/\/archivio.comune.potenza.it\/?p=7411","title":{"rendered":"Vito Mitro (Gruppo Misto) Mercato mensile, patrimonio e risorsa"},"content":{"rendered":"<p>Il consigliere comunale Vito Mitro in una nota ha evidenziato \u201cla necessit\u00e0 di procedere in tempi brevi a ricercare soluzioni condivise per la definitiva sistemazione, delocalizzazione e regolamentazione delle aree destinate al mercato mensile. Ritengo che ormai \u2013 ancora il presidente della Prima commissione consiliare permanente \u2013 la sperimentazione e le modifiche che si sono succedute negli ultimi tempi abbiano evidenziato notevoli\u00a0 criticit\u00e0 dei percorsi espositivi, creando il disorientamento degli operatori, problemi di sicurezza, disagi alla viabilit\u00e0 e interferenza di parte dei posteggi con gli ingressi delle sedi operative di alcune attivit\u00e0 pubbliche e private presenti in zona. Percepibile ed evidente appare rilevare, per coloro che sono frequentatori abituali del mercato, l\u2019insoddisfazione dei potentini e dei visitatori dei paesi limitrofi, che si vedono costretti negli ultimi periodi alla ricerca di una idonea area destinata al parcheggio e alle continue modifiche del traffico, della viabilit\u00e0 e dei percorsi. Evidenzio pertanto la necessit\u00e0 che il Sindaco risolva con urgenza la questione, protraendosi la sperimentazione da molti mesi e non essendo possibile rimandare oltre e procrastinare una soluzione definitiva, che possa contemperare al meglio l\u2019interesse pubblico della sicurezza del sito mercatale, con quelli economici degli operatori e con le preferenze dei consumatori. Il mercato, pertanto, rappresenta a mio giudizio, un patrimonio e una risorsa per la Citt\u00e0 e i paesi limitrofi; fa parte della storia e dell\u2019identit\u00e0 della nostra Citt\u00e0 ed \u00e8 un elemento fondamentale e caratterizzante delle abitudini, della cultura e, in particolare, delle tradizioni dei cittadini potentini\u201d conclude Vito Mitro.<\/p>\n<p>\u00a0<\/p>\n<p>\u00a0<\/p>\n","protected":false},"excerpt":{"rendered":"<p>Il consigliere comunale Vito Mitro in una nota ha evidenziato \u201cla necessit\u00e0 di procedere in tempi brevi a ricercare soluzioni condivise per la definitiva sistemazione, &#8230; <\/p>\n","protected":false},"author":1,"featured_media":0,"comment_status":"closed","ping_status":"closed","sticky":false,"template":"single-sidebar.php","format":"standard","meta":{"footnotes":""},"categories":[384],"tags":[],"class_list":["post-7411","post","type-post","status-publish","format-standard","hentry","category-c243-comunicati-stampa-dei-consiglieri-243"],"_links":{"self":[{"href":"https:\/\/archivio.comune.potenza.it\/index.php?rest_route=\/wp\/v2\/posts\/7411"}],"collection":[{"href":"https:\/\/archivio.comune.potenza.it\/index.php?rest_route=\/wp\/v2\/posts"}],"about":[{"href":"https:\/\/archivio.comune.potenza.it\/index.php?rest_route=\/wp\/v2\/types\/post"}],"author":[{"embeddable":true,"href":"https:\/\/archivio.comune.potenza.it\/index.php?rest_route=\/wp\/v2\/users\/1"}],"replies":[{"embeddable":true,"href":"https:\/\/archivio.comune.potenza.it\/index.php?rest_route=%2Fwp%2Fv2%2Fcomments&post=7411"}],"version-history":[{"count":0,"href":"https:\/\/archivio.comune.potenza.it\/index.php?rest_route=\/wp\/v2\/posts\/7411\/revisions"}],"wp:attachment":[{"href":"https:\/\/archivio.comune.potenza.it\/index.php?rest_route=%2Fwp%2Fv2%2Fmedia&parent=7411"}],"wp:term":[{"taxonomy":"category","embeddable":true,"href":"https:\/\/archivio.comune.potenza.it\/index.php?rest_route=%2Fwp%2Fv2%2Fcategories&post=7411"},{"taxonomy":"post_tag","embeddable":true,"href":"https:\/\/archivio.comune.potenza.it\/index.php?rest_route=%2Fwp%2Fv2%2Ftags&post=7411"}],"curies":[{"name":"wp","href":"https:\/\/api.w.org\/{rel}","templated":true}]}}