{"id":7413,"date":"2013-05-09T08:09:57","date_gmt":"2013-05-09T06:09:57","guid":{"rendered":"http:\/\/archivio.comune.potenza.it\/comune_wp\/?p=7413"},"modified":"2013-05-09T08:09:57","modified_gmt":"2013-05-09T06:09:57","slug":"gianpaolo-carretta-partito-democratico-oneri-di-urbanizzazione","status":"publish","type":"post","link":"https:\/\/archivio.comune.potenza.it\/?p=7413","title":{"rendered":"Gianpaolo Carretta (Partito Democratico): Oneri di urbanizzazione"},"content":{"rendered":"<p>La problematica relativa all\u2019aumento degli oneri di urbanizzazione rimane uno dei temi da dover risolvere nel pi\u00f9 breve tempo possibile.<\/p>\n<p>Nei mesi scorsi, i Capigruppo e le Commissioni competenti del Comune di Potenza hanno incontrato le Associazioni di categoria, impegnandosi ad effettuare approfondimenti tecnico-politici, affinch\u00e9 si potesse ottenere una diminuzione delle percentuali degli oneri di urbanizzazione primaria e secondaria dovuti per l\u2019edilizia residenziale e quelli per l\u2019edilizia produttiva.<\/p>\n<p>\u00c8 necessario deliberare contributi pi\u00f9 equi, guardando alle esigenze di tutti e mettendo in campo proposte credibili e fattibili, che siano compatibili con la situazione economica in generale del Comune di Potenza, che tengano conto delle situazioni preesistenti e prescindendo da posizioni populiste e strumentali, che mettono in campo soluzioni lontane e non idonee a quella che \u00e8 la situazione in cui versa attualmente il Comune.<\/p>\n<p>A tale riguardo, si \u00e8 in attesa della proposta che deve giungere dagli Uffici comunali preposti, a cui \u00e8 stato gi\u00e0 dato mandato, affinch\u00e9 si trovi la giusta soluzione tecnica, compatibile con l&#8217;attuale situazione economica.<\/p>\n<p>Tutto il Consiglio comunale e le Commissioni di competenza stanno continuando a lavorare all&#8217;unanimit\u00e0 per la riduzione degli oneri, e per il rilancio del comparto dell&#8217;edilizia nella citt\u00e0.<\/p>\n","protected":false},"excerpt":{"rendered":"<p>La problematica relativa all\u2019aumento degli oneri di urbanizzazione rimane uno dei temi da dover risolvere nel pi\u00f9 breve tempo possibile. Nei mesi scorsi, i Capigruppo &#8230; <\/p>\n","protected":false},"author":1,"featured_media":0,"comment_status":"closed","ping_status":"closed","sticky":false,"template":"single-sidebar.php","format":"standard","meta":{"footnotes":""},"categories":[384],"tags":[],"class_list":["post-7413","post","type-post","status-publish","format-standard","hentry","category-c243-comunicati-stampa-dei-consiglieri-243"],"_links":{"self":[{"href":"https:\/\/archivio.comune.potenza.it\/index.php?rest_route=\/wp\/v2\/posts\/7413"}],"collection":[{"href":"https:\/\/archivio.comune.potenza.it\/index.php?rest_route=\/wp\/v2\/posts"}],"about":[{"href":"https:\/\/archivio.comune.potenza.it\/index.php?rest_route=\/wp\/v2\/types\/post"}],"author":[{"embeddable":true,"href":"https:\/\/archivio.comune.potenza.it\/index.php?rest_route=\/wp\/v2\/users\/1"}],"replies":[{"embeddable":true,"href":"https:\/\/archivio.comune.potenza.it\/index.php?rest_route=%2Fwp%2Fv2%2Fcomments&post=7413"}],"version-history":[{"count":0,"href":"https:\/\/archivio.comune.potenza.it\/index.php?rest_route=\/wp\/v2\/posts\/7413\/revisions"}],"wp:attachment":[{"href":"https:\/\/archivio.comune.potenza.it\/index.php?rest_route=%2Fwp%2Fv2%2Fmedia&parent=7413"}],"wp:term":[{"taxonomy":"category","embeddable":true,"href":"https:\/\/archivio.comune.potenza.it\/index.php?rest_route=%2Fwp%2Fv2%2Fcategories&post=7413"},{"taxonomy":"post_tag","embeddable":true,"href":"https:\/\/archivio.comune.potenza.it\/index.php?rest_route=%2Fwp%2Fv2%2Ftags&post=7413"}],"curies":[{"name":"wp","href":"https:\/\/api.w.org\/{rel}","templated":true}]}}