{"id":7414,"date":"2013-05-09T08:11:03","date_gmt":"2013-05-09T06:11:03","guid":{"rendered":"http:\/\/archivio.comune.potenza.it\/comune_wp\/?p=7414"},"modified":"2013-05-09T08:11:03","modified_gmt":"2013-05-09T06:11:03","slug":"giuseppe-molinari-gruppo-molinari-morte-di-giulio-andreotti","status":"publish","type":"post","link":"https:\/\/archivio.comune.potenza.it\/?p=7414","title":{"rendered":"Giuseppe Molinari (Gruppo Molinari): Morte di Giulio Andreotti"},"content":{"rendered":"<p>Oggi si \u00e8 spento uno dei politici pi\u00f9 rappresentativi, padre costituente dei <br \/>cattolici democratici, a cui non pu\u00f2 non essere dedicato un pensiero. Giulio <br \/>Andreotti aveva un forte senso delle istituzioni e dello Stato di cui \u00e8 stato a <br \/>lungo servitore, contribuendo con De Gasperi e Colombo alla rinascita del <br \/>nostro paese e facendolo diventare la quinta potenza mondiale. Nella sua vita <br \/>anche quando ha dovuto affrontare vicende giudiziarie l\u2019ha saputo fare con <br \/>dignit\u00e0 e grande rispetto della magistratura, uscendone a testa alta. <br \/>Protagonista sin da giovanissimo della storia della democrazia in Italia <br \/>Andreotti ha saputo distinguersi come politico e come rappresentante delle <br \/>istituzioni. Europeista convinto seppe far valere l\u2019Italia con una politica <br \/>estera autorevole e lungimirante sempre a difesa dei valori della democrazia e <br \/>della libert\u00e0.<\/p>\n","protected":false},"excerpt":{"rendered":"<p>Oggi si \u00e8 spento uno dei politici pi\u00f9 rappresentativi, padre costituente dei cattolici democratici, a cui non pu\u00f2 non essere dedicato un pensiero. Giulio Andreotti &#8230; <\/p>\n","protected":false},"author":1,"featured_media":0,"comment_status":"closed","ping_status":"closed","sticky":false,"template":"single-sidebar.php","format":"standard","meta":{"footnotes":""},"categories":[384],"tags":[],"class_list":["post-7414","post","type-post","status-publish","format-standard","hentry","category-c243-comunicati-stampa-dei-consiglieri-243"],"_links":{"self":[{"href":"https:\/\/archivio.comune.potenza.it\/index.php?rest_route=\/wp\/v2\/posts\/7414"}],"collection":[{"href":"https:\/\/archivio.comune.potenza.it\/index.php?rest_route=\/wp\/v2\/posts"}],"about":[{"href":"https:\/\/archivio.comune.potenza.it\/index.php?rest_route=\/wp\/v2\/types\/post"}],"author":[{"embeddable":true,"href":"https:\/\/archivio.comune.potenza.it\/index.php?rest_route=\/wp\/v2\/users\/1"}],"replies":[{"embeddable":true,"href":"https:\/\/archivio.comune.potenza.it\/index.php?rest_route=%2Fwp%2Fv2%2Fcomments&post=7414"}],"version-history":[{"count":0,"href":"https:\/\/archivio.comune.potenza.it\/index.php?rest_route=\/wp\/v2\/posts\/7414\/revisions"}],"wp:attachment":[{"href":"https:\/\/archivio.comune.potenza.it\/index.php?rest_route=%2Fwp%2Fv2%2Fmedia&parent=7414"}],"wp:term":[{"taxonomy":"category","embeddable":true,"href":"https:\/\/archivio.comune.potenza.it\/index.php?rest_route=%2Fwp%2Fv2%2Fcategories&post=7414"},{"taxonomy":"post_tag","embeddable":true,"href":"https:\/\/archivio.comune.potenza.it\/index.php?rest_route=%2Fwp%2Fv2%2Ftags&post=7414"}],"curies":[{"name":"wp","href":"https:\/\/api.w.org\/{rel}","templated":true}]}}