{"id":7415,"date":"2013-05-09T08:12:32","date_gmt":"2013-05-09T06:12:32","guid":{"rendered":"http:\/\/archivio.comune.potenza.it\/comune_wp\/?p=7415"},"modified":"2013-05-09T08:12:32","modified_gmt":"2013-05-09T06:12:32","slug":"gianpaolo-carretta-partito-democratico-soluzione-definitiva-per-l-acta","status":"publish","type":"post","link":"https:\/\/archivio.comune.potenza.it\/?p=7415","title":{"rendered":"Gianpaolo Carretta (Partito Democratico): Soluzione definitiva per l&#8217;ACTA"},"content":{"rendered":"<p>Nel corso del Consiglio comunale dello scorso 29 aprile, il capogruppo del PD Carretta, ha presentato un&#8217;interrogazione sull&#8217;Approvazione del Regolamento sull&#8217;aspetto societario e sulla gestione del servizio dell&#8217;Acta, chiedendo che vengano poste in essere tutte le procedure formali, che diano contiguit\u00e0 e rispetto alla normativa nazionale che impone una diversa configurazione societaria dell&#8217;Acta Spa, o tramite un Consiglio di Amministrazione con un rappresentante esterno e due interni, o attraverso la nomina di un amministratore unico.<\/p>\n<p>La seconda questione sollevata attiene ad una necessaria revisione della spesa in seno all&#8217;azienda, una razionalizzazione del sistema complessivo, che conduca verso l&#8217;unica strategia attuabile, che \u00e8 quella della doverosa scelta della sede, nonch\u00e9 dell&#8217;innalzamento della qualit\u00e0 del servizio, con relativo abbattimento dei costi.<\/p>\n<p>L&#8217;ennesimo blocco nella raccolta dei rifiuti degli ultimi giorni, ci induce a ribadire che \u00e8 giunto il momento di arrivare ad una soluzione definitiva che guardi al bene della comunit\u00e0 e che miri ad una sorta di spending review aziendale con un radicale abbattimento dei costi della macchina burocratica ed organizzativa.<\/p>\n<p>Le condizioni per cui l\u2019Acta si apra all\u2019esterno devono essere garantite dall&#8217;avvio di un regime della gestione del ciclo dei rifiuti non pi\u00f9 in ambito cittadino, bens\u00ec comprensoriale, sia in termini di spazzamento, che di raccolta differenziata e porta a porta.<\/p>\n<p>Il problema dello smaltimento, finora rallentato da tempi tecnici e burocratici troppo lunghi, non pu\u00f2 pi\u00f9 essere proiettato verso una soluzione di medio periodo, bens\u00ec verso un&#8217;immediata risoluzione, per la quale \u00e8 necessario che vengano prese al pi\u00f9 presto decisioni interistituzionali e sinergiche tra Regione, Provincia e Comune, perch\u00e9 i tempi sono ormai maturi per mettere in campo una nuova strategia di raccolta e smaltimento.<\/p>\n<p>\u00a0<\/p>\n<p>\u00a0<\/p>\n","protected":false},"excerpt":{"rendered":"<p>Nel corso del Consiglio comunale dello scorso 29 aprile, il capogruppo del PD Carretta, ha presentato un&#8217;interrogazione sull&#8217;Approvazione del Regolamento sull&#8217;aspetto societario e sulla gestione &#8230; <\/p>\n","protected":false},"author":1,"featured_media":0,"comment_status":"closed","ping_status":"closed","sticky":false,"template":"single-sidebar.php","format":"standard","meta":{"footnotes":""},"categories":[384],"tags":[],"class_list":["post-7415","post","type-post","status-publish","format-standard","hentry","category-c243-comunicati-stampa-dei-consiglieri-243"],"_links":{"self":[{"href":"https:\/\/archivio.comune.potenza.it\/index.php?rest_route=\/wp\/v2\/posts\/7415"}],"collection":[{"href":"https:\/\/archivio.comune.potenza.it\/index.php?rest_route=\/wp\/v2\/posts"}],"about":[{"href":"https:\/\/archivio.comune.potenza.it\/index.php?rest_route=\/wp\/v2\/types\/post"}],"author":[{"embeddable":true,"href":"https:\/\/archivio.comune.potenza.it\/index.php?rest_route=\/wp\/v2\/users\/1"}],"replies":[{"embeddable":true,"href":"https:\/\/archivio.comune.potenza.it\/index.php?rest_route=%2Fwp%2Fv2%2Fcomments&post=7415"}],"version-history":[{"count":0,"href":"https:\/\/archivio.comune.potenza.it\/index.php?rest_route=\/wp\/v2\/posts\/7415\/revisions"}],"wp:attachment":[{"href":"https:\/\/archivio.comune.potenza.it\/index.php?rest_route=%2Fwp%2Fv2%2Fmedia&parent=7415"}],"wp:term":[{"taxonomy":"category","embeddable":true,"href":"https:\/\/archivio.comune.potenza.it\/index.php?rest_route=%2Fwp%2Fv2%2Fcategories&post=7415"},{"taxonomy":"post_tag","embeddable":true,"href":"https:\/\/archivio.comune.potenza.it\/index.php?rest_route=%2Fwp%2Fv2%2Ftags&post=7415"}],"curies":[{"name":"wp","href":"https:\/\/api.w.org\/{rel}","templated":true}]}}