{"id":7416,"date":"2013-05-09T08:13:52","date_gmt":"2013-05-09T06:13:52","guid":{"rendered":"http:\/\/archivio.comune.potenza.it\/comune_wp\/?p=7416"},"modified":"2013-05-09T08:13:52","modified_gmt":"2013-05-09T06:13:52","slug":"antonino-imbesi-8popolo-della-liberta-valutazioni-su-bilancio-consuntivo-2012","status":"publish","type":"post","link":"https:\/\/archivio.comune.potenza.it\/?p=7416","title":{"rendered":"Antonino Imbesi (Popolo della Libert\u00e0): Valutazioni su Bilancio Consuntivo 2012"},"content":{"rendered":"<p>Il VicePresidente del Consiglio Comunale di Potenza, Antonino Imbesi, in una nota, ha commentato il Bilancio Consuntivo del Municipio capoluogo.<\/p>\n<p>\u201c<em>Il 2012 si \u00e8 caratterizzato per <span style=\"text-decoration: underline;\">il quinto anno consecutivo<\/span> per la riduzione di popolazione in citt\u00e0, segno che qualcosa non va davvero\u2026 <\/em>\u2013 ha detto Imbesi \u2013<em> Dal 2008 ad oggi siamo passati dai 68.628 abitanti ai soli 67.428 dell\u2019anno passato, con un saldo negativo ni soli ultimi 12 mesi di ben 861 abitanti in meno! \u00c8 un chiaro segno che le politiche portate avanti da questa Amministrazione spingono la gente ad andare via da Potenza, o quantomeno non la trattengono\u2026.\u201d<\/em><\/p>\n<p>Il Consigliere ha, poi, espresso il proprio parere sui dati rinvenienti dal bilancio finale di competenza 2012 in rapporto a quelli inseriti nelle previsioni definitive dello scorso fine novembre.<\/p>\n<p>\u201c<em>Ancora una volta <\/em>\u2013 ha spiegato Imbesi \u2013 <em>\u00a0il Bilancio preventivo fatto ad un mese dalla scadenza dell\u2019anno 2012 mostra una differenza &lt;&lt;abissale&gt;&gt; con il bilancio consuntivo di fine anno: <strong><span style=\"text-decoration: underline;\">la differenza si attesta su circa 58,4 milioni di Euro<\/span><\/strong> a conferma che il Comune fa delle previsione a dir poco &lt;&lt;campate in aria&gt;&gt; anche le stesse vengono redatte a 30 giorni dalla conclusione dell\u2019anno finanziario. Lo scostamento tra previsione e consuntivo \u00e8 nell\u2019ordine del 22% circa!.<\/em>\u201d<\/p>\n<p>Il VicePresidente del Consiglio Municipale ha, poi, sottolineato che in un periodo di penuria di pagamenti, questa Amministrazione \u00e8 persino riuscita a realizzare un avanzo di amministrazione (sempre di competenza) di oltre 3,5 milioni (che, poi, per effetto di vincoli ed accantonamenti al fondo di svalutazione crediti finisce per attestarsi a 880.000 Euro circa, un risultato che non va considerato come un vanto ma che, anzi, dimostra la completa inefficienza della stessa Amministrazione anche nel saper spendere quel poco che ha.<\/p>\n<p>\u00a0\u201c<em>Ma la cosa pi\u00f9 terribile\u00a0 <\/em>\u2013 ha continuato Imbesi \u2013 <em>\u00e8 che la pressione finanziaria \u00e8 passata in un solo anno da 1.044 a 1.278 Euro per abitante con un aumento del +22,41% e che la pressione tributaria \u00e8 aumentata da 807 a 932 Euro ad abitante con un ragguardevole +15,49%! Insomma il Comune in un solo anno ha drenato le tasche dei contribuenti come una sanguisuga sebbene la situazione economica delle famiglie nel 2012 sia decisamente peggiorata!.<\/em>\u201d<\/p>\n<p>Il Consigliere Comunale ha, infine, fatto presente che se si dovesse valutare la pressione tributaria dal 2005 ad oggi (ossia praticamente dall\u2019avvento della prima Amministrazione targata Santarsiero, il dato \u00e8 addirittura impressionante, in quanto tale pressione \u00e8 di fatto raddoppiata (si \u00e8 passati dai 498 Euro per abitante del 2005 ai 932 Euro per abitante del 2012!).<\/p>\n<div>\n<p>\u00a0\u201c<em>Un ultimo dato significativo del fallimento di questa Amministrazione\u00a0 <\/em>\u2013 ha chiuso Imbesi \u2013 <em>\u00e8 dato dall\u2019elenco delle opere pubbliche iscritte in Bilancio e rinvenienti dagli anni precedenti. Si tratta di ben <strong><span style=\"text-decoration: underline;\">55 opere pubbliche dal 2002 ad oggi di cui risultano ultimate nel 2012 solo 22<\/span><\/strong>! Il resto per la maggior parte o si trova ancora allo stato di progettazione oppure \u00e8 ancora in attesa della conferma della disponibilit\u00e0 economica. Insomma \u00e8 un vero disastro\u2026.<\/em>\u201d<\/p>\n<\/p><\/div>\n","protected":false},"excerpt":{"rendered":"<p>Il VicePresidente del Consiglio Comunale di Potenza, Antonino Imbesi, in una nota, ha commentato il Bilancio Consuntivo del Municipio capoluogo. \u201cIl 2012 si \u00e8 caratterizzato &#8230; <\/p>\n","protected":false},"author":1,"featured_media":0,"comment_status":"closed","ping_status":"closed","sticky":false,"template":"single-sidebar.php","format":"standard","meta":{"footnotes":""},"categories":[384],"tags":[],"class_list":["post-7416","post","type-post","status-publish","format-standard","hentry","category-c243-comunicati-stampa-dei-consiglieri-243"],"_links":{"self":[{"href":"https:\/\/archivio.comune.potenza.it\/index.php?rest_route=\/wp\/v2\/posts\/7416"}],"collection":[{"href":"https:\/\/archivio.comune.potenza.it\/index.php?rest_route=\/wp\/v2\/posts"}],"about":[{"href":"https:\/\/archivio.comune.potenza.it\/index.php?rest_route=\/wp\/v2\/types\/post"}],"author":[{"embeddable":true,"href":"https:\/\/archivio.comune.potenza.it\/index.php?rest_route=\/wp\/v2\/users\/1"}],"replies":[{"embeddable":true,"href":"https:\/\/archivio.comune.potenza.it\/index.php?rest_route=%2Fwp%2Fv2%2Fcomments&post=7416"}],"version-history":[{"count":0,"href":"https:\/\/archivio.comune.potenza.it\/index.php?rest_route=\/wp\/v2\/posts\/7416\/revisions"}],"wp:attachment":[{"href":"https:\/\/archivio.comune.potenza.it\/index.php?rest_route=%2Fwp%2Fv2%2Fmedia&parent=7416"}],"wp:term":[{"taxonomy":"category","embeddable":true,"href":"https:\/\/archivio.comune.potenza.it\/index.php?rest_route=%2Fwp%2Fv2%2Fcategories&post=7416"},{"taxonomy":"post_tag","embeddable":true,"href":"https:\/\/archivio.comune.potenza.it\/index.php?rest_route=%2Fwp%2Fv2%2Ftags&post=7416"}],"curies":[{"name":"wp","href":"https:\/\/api.w.org\/{rel}","templated":true}]}}