{"id":7432,"date":"2013-05-11T08:30:15","date_gmt":"2013-05-11T06:30:15","guid":{"rendered":"http:\/\/archivio.comune.potenza.it\/comune_wp\/?p=7432"},"modified":"2013-05-11T08:30:15","modified_gmt":"2013-05-11T06:30:15","slug":"nicola-becce-popolo-della-liberta-solito-carretta","status":"publish","type":"post","link":"https:\/\/archivio.comune.potenza.it\/?p=7432","title":{"rendered":"Nicola Becce (Popolo della Libert\u00e0): Solito Carretta"},"content":{"rendered":"<p>Apprendo con la solita incredulit\u00e0 delle iniziative del capogruppo del Pd Carretta la notizia della convocazione di due consiglio comunale straordinario sul ruolo strategico della citt\u00e0 e sull&#8217;ospedale San Carlo. Il motivo \u00e8 presto detto. Come se il consigliere Carretta ed il suo partito venissero da quindici anni di opposizione consiliare e quindi a fronte di una gestione della citt\u00e0 capoluogo di amministrazioni di centrodestra, oggi maggio 2013 \u2013 a pochi mesi dalla scadenza del secondo mandato del sindaco Santarsiero \u2013 si avverte la necessit\u00e0 di intavolare discorsi sul futuro strategico della citt\u00e0 di Potenza e sulla sua vocazione di citt\u00e0 di servizi di alta qualit\u00e0. Ma anche per aprire un dibattito sul funzionamento dell&#8217;Ospedale San Carlo e su tutte le strategie che devono portare ad innalzarne sempre pi\u00f9 l&#8217;offerta sanitaria. Un discorso tanto bello quanto assurdo che potrebbe far presa su ignari cittadini che in questi dieci anni avessero vissuto fuori regione. No, caro Carretta: anzich\u00e9 parlare di futuro e prospettive, sarebbe il caso che il tuo partito ed il sindaco della citt\u00e0 tirassero le somme su dieci anni di governo. Sui problemi e le questioni aperte del capoluogo di regione e sulle opportunit\u00e0 mancate. Questa si che sarebbe una giusta presa di coscienza. La chiede la citt\u00e0 e forse \u00e8 giusto darne conto ai potentini che hanno creduto nel centrosinistra, salvo poi rendersi conto di una Potenza pi\u00f9 brutta e con pi\u00f9 problemi rispetto a quella del 2004.<\/p>\n","protected":false},"excerpt":{"rendered":"<p>Apprendo con la solita incredulit\u00e0 delle iniziative del capogruppo del Pd Carretta la notizia della convocazione di due consiglio comunale straordinario sul ruolo strategico della &#8230; <\/p>\n","protected":false},"author":1,"featured_media":0,"comment_status":"closed","ping_status":"closed","sticky":false,"template":"single-sidebar.php","format":"standard","meta":{"footnotes":""},"categories":[384],"tags":[],"class_list":["post-7432","post","type-post","status-publish","format-standard","hentry","category-c243-comunicati-stampa-dei-consiglieri-243"],"_links":{"self":[{"href":"https:\/\/archivio.comune.potenza.it\/index.php?rest_route=\/wp\/v2\/posts\/7432"}],"collection":[{"href":"https:\/\/archivio.comune.potenza.it\/index.php?rest_route=\/wp\/v2\/posts"}],"about":[{"href":"https:\/\/archivio.comune.potenza.it\/index.php?rest_route=\/wp\/v2\/types\/post"}],"author":[{"embeddable":true,"href":"https:\/\/archivio.comune.potenza.it\/index.php?rest_route=\/wp\/v2\/users\/1"}],"replies":[{"embeddable":true,"href":"https:\/\/archivio.comune.potenza.it\/index.php?rest_route=%2Fwp%2Fv2%2Fcomments&post=7432"}],"version-history":[{"count":0,"href":"https:\/\/archivio.comune.potenza.it\/index.php?rest_route=\/wp\/v2\/posts\/7432\/revisions"}],"wp:attachment":[{"href":"https:\/\/archivio.comune.potenza.it\/index.php?rest_route=%2Fwp%2Fv2%2Fmedia&parent=7432"}],"wp:term":[{"taxonomy":"category","embeddable":true,"href":"https:\/\/archivio.comune.potenza.it\/index.php?rest_route=%2Fwp%2Fv2%2Fcategories&post=7432"},{"taxonomy":"post_tag","embeddable":true,"href":"https:\/\/archivio.comune.potenza.it\/index.php?rest_route=%2Fwp%2Fv2%2Ftags&post=7432"}],"curies":[{"name":"wp","href":"https:\/\/api.w.org\/{rel}","templated":true}]}}