{"id":7434,"date":"2013-05-11T08:32:12","date_gmt":"2013-05-11T06:32:12","guid":{"rendered":"http:\/\/archivio.comune.potenza.it\/comune_wp\/?p=7434"},"modified":"2013-05-11T08:32:12","modified_gmt":"2013-05-11T06:32:12","slug":"gianpaolo-carretta-partito-democratico-conferimento-cittadinanza-onoraria-a-padre-vitale","status":"publish","type":"post","link":"https:\/\/archivio.comune.potenza.it\/?p=7434","title":{"rendered":"Gianpaolo Carretta (Partito Democratico): Conferimento cittadinanza onoraria a Padre Vitale"},"content":{"rendered":"<p style=\"text-align: left;\" align=\"center\">Il Capogruppo del Partito Democratico al Comune di Potenza, Gianpaolo Carretta, accoglie con grande soddisfazione la deliberazione avvenuta oggi, in Prima Commissione Consiliare, del conferimento della Cittadinanza Onoraria della citt\u00e0 di Potenza, a cui sar\u00e0 data definitiva approvazione in Consiglio comunale, a Padre Vitale Dartizio, stimato Parroco delle Chiese di Santa Maria del Sepolcro e di San Michele Arcangelo, nonch\u00e9 esempio di grande umanit\u00e0 e cristianit\u00e0, prestate per lo sviluppo e la crescita della nostra citt\u00e0.<\/p>\n<p style=\"text-align: left;\">La personalit\u00e0 intraprendente ed operosa di Padre Vitale, il suo amore e la sua dedizione per la gente, ne hanno fatto una figura amata da tutti ed oggettivamente riconosciuta, i cui requisiti di fratellanza ed umanit\u00e0, il cui impegno per la nostra citt\u00e0, dal centro alle contrade pi\u00f9 lontane, in cui ancora presta, all\u2019et\u00e0 di 91 anni, la sua opera pastorale, sono la prerogativa per tale importante conferimento, che ogni cittadino cristianamente gli dona.<\/p>\n<p>\u00a0<\/p>\n","protected":false},"excerpt":{"rendered":"<p>Il Capogruppo del Partito Democratico al Comune di Potenza, Gianpaolo Carretta, accoglie con grande soddisfazione la deliberazione avvenuta oggi, in Prima Commissione Consiliare, del conferimento &#8230; <\/p>\n","protected":false},"author":1,"featured_media":0,"comment_status":"closed","ping_status":"closed","sticky":false,"template":"single-sidebar.php","format":"standard","meta":{"footnotes":""},"categories":[384],"tags":[],"class_list":["post-7434","post","type-post","status-publish","format-standard","hentry","category-c243-comunicati-stampa-dei-consiglieri-243"],"_links":{"self":[{"href":"https:\/\/archivio.comune.potenza.it\/index.php?rest_route=\/wp\/v2\/posts\/7434"}],"collection":[{"href":"https:\/\/archivio.comune.potenza.it\/index.php?rest_route=\/wp\/v2\/posts"}],"about":[{"href":"https:\/\/archivio.comune.potenza.it\/index.php?rest_route=\/wp\/v2\/types\/post"}],"author":[{"embeddable":true,"href":"https:\/\/archivio.comune.potenza.it\/index.php?rest_route=\/wp\/v2\/users\/1"}],"replies":[{"embeddable":true,"href":"https:\/\/archivio.comune.potenza.it\/index.php?rest_route=%2Fwp%2Fv2%2Fcomments&post=7434"}],"version-history":[{"count":0,"href":"https:\/\/archivio.comune.potenza.it\/index.php?rest_route=\/wp\/v2\/posts\/7434\/revisions"}],"wp:attachment":[{"href":"https:\/\/archivio.comune.potenza.it\/index.php?rest_route=%2Fwp%2Fv2%2Fmedia&parent=7434"}],"wp:term":[{"taxonomy":"category","embeddable":true,"href":"https:\/\/archivio.comune.potenza.it\/index.php?rest_route=%2Fwp%2Fv2%2Fcategories&post=7434"},{"taxonomy":"post_tag","embeddable":true,"href":"https:\/\/archivio.comune.potenza.it\/index.php?rest_route=%2Fwp%2Fv2%2Ftags&post=7434"}],"curies":[{"name":"wp","href":"https:\/\/api.w.org\/{rel}","templated":true}]}}