{"id":7448,"date":"2013-05-14T07:51:57","date_gmt":"2013-05-14T05:51:57","guid":{"rendered":"http:\/\/archivio.comune.potenza.it\/comune_wp\/?p=7448"},"modified":"2013-05-14T07:51:57","modified_gmt":"2013-05-14T05:51:57","slug":"giuseppe-molinari-gruppo-molinari-cronoprogramma-lavori-in-citta","status":"publish","type":"post","link":"https:\/\/archivio.comune.potenza.it\/?p=7448","title":{"rendered":"Giuseppe Molinari (Gruppo Molinari): Cronoprogramma lavori in citta\u2019"},"content":{"rendered":"<p>Il consigliere comunale di Potenza Giuseppe Molinari lo scorso otto aprile ha presentato un\u2019interrogazione per conoscere quale lo stato di attuazione del recente accordo di \u201cProgramma rafforzato\u201d finanziato per sostenere azioni e realizzare nuove opere pubbliche capaci di migliorare la qualit\u00e0 della vita nel capoluogo di regione. Il programma in questione consentir\u00e0 di utilizzare le risorse del Fondo di sviluppo e coesione, in sostituzione di quelle previste dai Pisus, per un totale di 26 milioni di euro per 19 interventi di cui quattro immediatamente cantierabili. Questi ultimi sono stati finanziati con 3.574.200 euro e riguardano il piano di infomobilit\u00e0, la realizzazione di fermate e percorsi senza barriere, la creazione dello sportello unico di servizi sociali e l\u2019adeguamento della galleria civica della Cappella dei Celestini. Per gli altri 15 progetti, per un totale di 22.425.800, ho chiesto di conoscere entro quando la cifra sar\u00e0 messa a disposizione del Comune di Potenza, se esiste un crono programma della spesa, qual \u00e8 lo stato di progettazione ed i tempi previsti per la loro realizzazione\u201d.<\/p>\n<p>In particolare \u201c\u00e8 necessario quanto prima sbloccare i circa nove milioni di euro messi a disposizione delle piccole e medie imprese che in questo momento hanno bisogno pi\u00f9 che mai di un sostegno concreto. Il sindaco di Potenza nella commissione competente ha ribadito la volont\u00e0 della Regione Basilicata di provvedere allo scorrimento della graduatoria realizzata per l\u2019affidamento delle risorse ma ci\u00f2 \u00e8 stato deciso gi\u00e0 un anno fa. E\u2019 passato molto tempo e non sarebbe una grande sorpresa se si scoprisse che alcune delle imprese partecipanti al bando non esistono pi\u00f9. Non sono ancora stati utilizzati, infatti, i finanziamenti messi a disposizione della Regione Basilicata attraverso i Pisus ed indirizzati ai progetti le reti di imprese (tre milioni di euro), il sostegno dell\u2019attrazione di investimento (cinque milioni di euro) ed il contributo all\u2019impresa sociale (un milione di euro)\u201d.<\/p>\n<p>\u201cE\u2019 necessario \u2013evidenzia Molinari- capire a che punto \u00e8 arrivata l\u2019attuazione del programma dei lavori. Si attende, inoltre, l\u2019avvio delle opere che dovranno permettere il superamento dei passaggi a livello in citt\u00e0. A riguardo i lavori non sono stati ancora appaltati dopo il fallimento di un primo bando realizzato dalle Fal\u201d.<\/p>\n<p>Come evidenzia Molinari \u201cil rischio \u00e8 di perdere i finanziamenti destinati al Comune di Potenza, vincolati al rispetto di una tempistica precisa ma anche di perdere un\u2019importante occasione per la crescita di questa citt\u00e0 non assicurando risposte, in particolare, alle piccole e medie imprese che reggono il tessuto economico del capoluogo di regione\u201d.<\/p>\n<p>\u00a0<\/p>\n<p>\u00a0<\/p>\n","protected":false},"excerpt":{"rendered":"<p>Il consigliere comunale di Potenza Giuseppe Molinari lo scorso otto aprile ha presentato un\u2019interrogazione per conoscere quale lo stato di attuazione del recente accordo di &#8230; <\/p>\n","protected":false},"author":1,"featured_media":0,"comment_status":"closed","ping_status":"closed","sticky":false,"template":"single-sidebar.php","format":"standard","meta":{"footnotes":""},"categories":[384],"tags":[],"class_list":["post-7448","post","type-post","status-publish","format-standard","hentry","category-c243-comunicati-stampa-dei-consiglieri-243"],"_links":{"self":[{"href":"https:\/\/archivio.comune.potenza.it\/index.php?rest_route=\/wp\/v2\/posts\/7448"}],"collection":[{"href":"https:\/\/archivio.comune.potenza.it\/index.php?rest_route=\/wp\/v2\/posts"}],"about":[{"href":"https:\/\/archivio.comune.potenza.it\/index.php?rest_route=\/wp\/v2\/types\/post"}],"author":[{"embeddable":true,"href":"https:\/\/archivio.comune.potenza.it\/index.php?rest_route=\/wp\/v2\/users\/1"}],"replies":[{"embeddable":true,"href":"https:\/\/archivio.comune.potenza.it\/index.php?rest_route=%2Fwp%2Fv2%2Fcomments&post=7448"}],"version-history":[{"count":0,"href":"https:\/\/archivio.comune.potenza.it\/index.php?rest_route=\/wp\/v2\/posts\/7448\/revisions"}],"wp:attachment":[{"href":"https:\/\/archivio.comune.potenza.it\/index.php?rest_route=%2Fwp%2Fv2%2Fmedia&parent=7448"}],"wp:term":[{"taxonomy":"category","embeddable":true,"href":"https:\/\/archivio.comune.potenza.it\/index.php?rest_route=%2Fwp%2Fv2%2Fcategories&post=7448"},{"taxonomy":"post_tag","embeddable":true,"href":"https:\/\/archivio.comune.potenza.it\/index.php?rest_route=%2Fwp%2Fv2%2Ftags&post=7448"}],"curies":[{"name":"wp","href":"https:\/\/api.w.org\/{rel}","templated":true}]}}