{"id":7452,"date":"2013-05-14T07:56:25","date_gmt":"2013-05-14T05:56:25","guid":{"rendered":"http:\/\/archivio.comune.potenza.it\/comune_wp\/?p=7452"},"modified":"2013-05-14T07:56:25","modified_gmt":"2013-05-14T05:56:25","slug":"nicola-becce-popolo-della-liberta-imu-in-agricoltura","status":"publish","type":"post","link":"https:\/\/archivio.comune.potenza.it\/?p=7452","title":{"rendered":"Nicola Becce (Popolo della Libert\u00e0) IMU in agricoltura"},"content":{"rendered":"<p>E\u2019 atteso a giorni il decreto legge che detter\u00e0 le modalit\u00e0 della sospensione della rata di giugno dell\u2019Imu. Non \u00e8 ancora certo chi, oltre ai proprietari di prime case, sar\u00e0 beneficiario del provvedimento. Nel frattempo il neo ministro dell\u2019Agricoltura <strong>Nunzia De Girolamo<\/strong> ha chiesto che venga <strong>sospesa anche l\u2019Imu sui terreni agricoli e sui fabbricati agricoli<\/strong>, poich\u00e9 non \u00e8 pensabile che la terra, che \u00e8 la base dell\u2019attivit\u00e0 agricola e il suo mezzo di produzione, venga tassata come un bene improduttivo perch\u00e8 si tratta di un\u2019esigenza che riguarda tutto il mondo dell\u2019agricoltura, che non ha alcuna colorazione politica, ed \u00e8 largamente condivisa da tutti gli imprenditori che investono e rischiano sull\u2019agroalimentare, un settore che<strong>non solo \u00e8 una delle principali eccellenze del made in Italy, ma anche una delle leve da utilizzare per rilanciare lo sviluppo e la crescita del nostro Paese<\/strong>e soprattutto della Basilicata.<\/p>\n","protected":false},"excerpt":{"rendered":"<p>E\u2019 atteso a giorni il decreto legge che detter\u00e0 le modalit\u00e0 della sospensione della rata di giugno dell\u2019Imu. Non \u00e8 ancora certo chi, oltre ai &#8230; <\/p>\n","protected":false},"author":1,"featured_media":0,"comment_status":"closed","ping_status":"closed","sticky":false,"template":"single-sidebar.php","format":"standard","meta":{"footnotes":""},"categories":[384],"tags":[],"class_list":["post-7452","post","type-post","status-publish","format-standard","hentry","category-c243-comunicati-stampa-dei-consiglieri-243"],"_links":{"self":[{"href":"https:\/\/archivio.comune.potenza.it\/index.php?rest_route=\/wp\/v2\/posts\/7452"}],"collection":[{"href":"https:\/\/archivio.comune.potenza.it\/index.php?rest_route=\/wp\/v2\/posts"}],"about":[{"href":"https:\/\/archivio.comune.potenza.it\/index.php?rest_route=\/wp\/v2\/types\/post"}],"author":[{"embeddable":true,"href":"https:\/\/archivio.comune.potenza.it\/index.php?rest_route=\/wp\/v2\/users\/1"}],"replies":[{"embeddable":true,"href":"https:\/\/archivio.comune.potenza.it\/index.php?rest_route=%2Fwp%2Fv2%2Fcomments&post=7452"}],"version-history":[{"count":0,"href":"https:\/\/archivio.comune.potenza.it\/index.php?rest_route=\/wp\/v2\/posts\/7452\/revisions"}],"wp:attachment":[{"href":"https:\/\/archivio.comune.potenza.it\/index.php?rest_route=%2Fwp%2Fv2%2Fmedia&parent=7452"}],"wp:term":[{"taxonomy":"category","embeddable":true,"href":"https:\/\/archivio.comune.potenza.it\/index.php?rest_route=%2Fwp%2Fv2%2Fcategories&post=7452"},{"taxonomy":"post_tag","embeddable":true,"href":"https:\/\/archivio.comune.potenza.it\/index.php?rest_route=%2Fwp%2Fv2%2Ftags&post=7452"}],"curies":[{"name":"wp","href":"https:\/\/api.w.org\/{rel}","templated":true}]}}