{"id":7506,"date":"2013-05-23T07:02:44","date_gmt":"2013-05-23T05:02:44","guid":{"rendered":"http:\/\/archivio.comune.potenza.it\/comune_wp\/?p=7506"},"modified":"2013-05-23T07:02:44","modified_gmt":"2013-05-23T05:02:44","slug":"antonino-imbesi-popolo-della-liberta-bilancio-consuntivo-2012-del-comune-di-potenza","status":"publish","type":"post","link":"https:\/\/archivio.comune.potenza.it\/?p=7506","title":{"rendered":"Antonino Imbesi (Popolo della Libert\u00e0): Bilancio Consuntivo 2012 del Comune di Potenza"},"content":{"rendered":"<p>Il VicePresidente del Consiglio Comunale di Potenza, Antonino Imbesi, in una nota, a nome della Minoranza, ha commentato l\u2019approvazione del Bilancio Consuntivo del Municipio capoluogo avvenuta ieri, a Maggioranza, in Consiglio Comunale e col voto contrario di PDL, Lista Molinari, MPA e FLI.<\/p>\n<p>\u201c<em>Il Bilancio Comunale 2012 <\/em>\u2013 ha detto Imbesi \u2013<em> \u00e8 stato l\u2019ennesimo segnale di una Maggioranza poco coesa ed incapace di restare unita anche nei momenti amministrativi pi\u00f9 importanti, tanto che ancora una volta si \u00e8 dovuti arrivare alla chiamata a raccolta perch\u00e9 la stessa Maggioranza riuscisse a votare il Consuntivo 2012. Eppure era un consuntivo che mostrava lacune a iosa! Tra questo \u00e8 giusto segnalare, tra le tante, anche enormi errori di programmazione fatti dall\u2019Amministrazione che ha previsto al 30 di novembre (ossia un mese prima della scadenza dell\u2019anno di competenza) ben 17.773.512 Euro di entrate tributarie in pi\u00f9 e che, ovviamente, a consuntivo \u00a0non si sono in realt\u00e0 realizzate!\u201d<\/em><\/p>\n<p>Il Consigliere ha, poi, fatto rilevare che nonostante l\u2019Assessore al Bilancio avesse assicurato, durante la relazione fatta in aula, che il Municipio si sarebbe conformato alla indicazione dei Revisori dei Conti che di fatto chiedevano il rispetto del Decreto legislativo 23 giugno 2011 n.118 (che impone che gli enti locali debbano iscrivere in bilancio un fondo di svalutazione crediti almeno pari al 25% dei residui attivi) l\u2019Amministrazione ha dimenticato di presentare\u00a0 il necessario emendamento ed la Maggioranza (esageratamente distratta!) ha approvato il Rendiconto Consuntivo senza tener conto delle indicazioni del Collegio di Revisione Contabile.<\/p>\n<p>\u201c<em>Bisogna poi sfatare <\/em>\u2013 ha continuato Imbesi \u2013 <em>\u00a0la continua litania che questa Amministrazione ci propina da anni, ossia quella dei continui tagli che le impediscono di agire sul piano amministrativo: la verit\u00e0 \u00e8 che nel 2012 le risorse provenienti da Stato ed altri Enti sono cresciute di ben 7.142.000 Euro circa rispetto al 2011 ma la gestione comunale \u00e8 stata, se possibile, ancora pi\u00f9 scadente rispetto a quella dell\u2019anno passato!.<\/em>\u201d<\/p>\n<p>Il VicePresidente del Consiglio Municipale ha, poi, fatto rilevare che anche le entrate extratributarie hanno visto un crollo verticale di ben 10.086.827 Euro rispetto al 2011, dovuto per la gran parte alla incapacit\u00e0 dell\u2019attuale Amministrazione di saper incassare i \u201cproventi diversi\u201d (ben 9.500.000 in meno incassati rispetto al 2011).<\/p>\n<p>\u00a0\u201c<em>C\u2019\u00e8 anche da dire che rispetto ad alcune spese che dovevano essere coperte al 76% (secondo quanto previsto dalla Giunta) si \u00e8 invece incassato solo il 58%: mi riferisco in questo caso alle mense scolastiche dove il saldo negativo ammonta ad oltre mezzo milione di Euro\u2026 \u00a0<\/em>\u2013 ha continuato Imbesi \u2013 <em>Ma il massimo si raggiunge con gli introiti da museo: solo 2.200 Euro a fronte di 266.000 Euro circa di spese con una copertura dello 0,82%! Ogni altro commento \u00e8 superfluo&#8230;<\/em>\u201d<\/p>\n<p>Il Consigliere Comunale ha, infine, fatto presente che nonostante l\u2019Acta sia costata anche nel 2012 oltre 10.000.000 di Euro il servizio garantito non \u00e8 stato per nulla soddisfacente.<\/p>\n<p>\u00a0\u201c<em>Eppure\u00a0 <\/em>\u2013 ha chiuso Imbesi \u2013 <em>ancora non si provvede nonostante i tanti solleciti fatti dalla Minoranza, a mettere mano sull\u2019argomento e si continua imperterriti, nonostante il dispositivo normativo, a non prenderei dovuti provvedimenti!.<\/em>\u201d<\/p>\n","protected":false},"excerpt":{"rendered":"<p>Il VicePresidente del Consiglio Comunale di Potenza, Antonino Imbesi, in una nota, a nome della Minoranza, ha commentato l\u2019approvazione del Bilancio Consuntivo del Municipio capoluogo &#8230; <\/p>\n","protected":false},"author":1,"featured_media":0,"comment_status":"closed","ping_status":"closed","sticky":false,"template":"single-sidebar.php","format":"standard","meta":{"footnotes":""},"categories":[384],"tags":[],"class_list":["post-7506","post","type-post","status-publish","format-standard","hentry","category-c243-comunicati-stampa-dei-consiglieri-243"],"_links":{"self":[{"href":"https:\/\/archivio.comune.potenza.it\/index.php?rest_route=\/wp\/v2\/posts\/7506"}],"collection":[{"href":"https:\/\/archivio.comune.potenza.it\/index.php?rest_route=\/wp\/v2\/posts"}],"about":[{"href":"https:\/\/archivio.comune.potenza.it\/index.php?rest_route=\/wp\/v2\/types\/post"}],"author":[{"embeddable":true,"href":"https:\/\/archivio.comune.potenza.it\/index.php?rest_route=\/wp\/v2\/users\/1"}],"replies":[{"embeddable":true,"href":"https:\/\/archivio.comune.potenza.it\/index.php?rest_route=%2Fwp%2Fv2%2Fcomments&post=7506"}],"version-history":[{"count":0,"href":"https:\/\/archivio.comune.potenza.it\/index.php?rest_route=\/wp\/v2\/posts\/7506\/revisions"}],"wp:attachment":[{"href":"https:\/\/archivio.comune.potenza.it\/index.php?rest_route=%2Fwp%2Fv2%2Fmedia&parent=7506"}],"wp:term":[{"taxonomy":"category","embeddable":true,"href":"https:\/\/archivio.comune.potenza.it\/index.php?rest_route=%2Fwp%2Fv2%2Fcategories&post=7506"},{"taxonomy":"post_tag","embeddable":true,"href":"https:\/\/archivio.comune.potenza.it\/index.php?rest_route=%2Fwp%2Fv2%2Ftags&post=7506"}],"curies":[{"name":"wp","href":"https:\/\/api.w.org\/{rel}","templated":true}]}}