{"id":7507,"date":"2013-05-23T07:04:54","date_gmt":"2013-05-23T05:04:54","guid":{"rendered":"http:\/\/archivio.comune.potenza.it\/comune_wp\/?p=7507"},"modified":"2013-05-23T07:04:54","modified_gmt":"2013-05-23T05:04:54","slug":"giuseppe-molinari-gruppo-molinari-futuro-dell-area-vicino-ponte-via-di-giura","status":"publish","type":"post","link":"https:\/\/archivio.comune.potenza.it\/?p=7507","title":{"rendered":"Giuseppe Molinari (Gruppo Molinari): Futuro dell\u2019area vicino ponte via Di Giura"},"content":{"rendered":"<p style=\"text-align: left;\" align=\"center\">Secondo il consigliere comunale di Potenza Giuseppe Molinari \u201csarebbe arrivata l\u2019ora di definire una volta per tutte la funzione dell\u2019area comunale vicina al ponte dei Via Di Giura a Potenza attualmente ancora in utilizzo di un privato. Nella zona vi \u00e8 una sola giostrina mentre, come credo sia pi\u00f9 opportuno, potrebbe essere attrezzata per ospitare attivit\u00e0 circensi e ludiche. Dalle risposte alla mia interrogazione in merito non \u00e8 ancora del tutto chiaro quale sia il progetto dell\u2019amministrazione comunale visto che secondo quanto previsto dal regolamento urbanistico vigente, come affermato dalla unit\u00e0 di direzione \u2018Edilizia e pianificazione\u2019 quella in questione dovrebbe essere un\u2019area da ristrutturare e adibire a verde urbano con la possibilit\u00e0 di realizzare spazi ludici attrezzati, servizi e baby parking (risposta del 31 gennaio scorso) ma come risposto successivamente dalla stessa unit\u00e0 di direzione un altro progetto (spiegato nella risposta del 21 febbraio scorso) prevede di realizzarvi una nuova fermata della metropolitana e un parcheggio della capienza di 145 posti \u2018con accesso in corrispondenza dell\u2019innesto di una strada locale sull\u2019anello con circolazione rotatoria presente lungo via Di Giura\u2019. Come spiegato dall\u2019unit\u00e0 di direzione \u2018Edilizia e pianificazione\u2019 \u2018il primo tratto della strada locale verr\u00e0 riconfigurato in modo da mantenere il collegamento con Via Di Giura e risultare congruente con il primo passaggio\u2019. Sarebbe, invece, pi\u00f9 utile attrezzare quell\u2019area per ospitare attivit\u00e0 circensi e ludiche cos\u00ec da risolvere l\u2019annoso problema che si ripresenta puntualmente nelle occasioni di festa per la citt\u00e0 di Potenza. Pi\u00f9 volte, infatti, si \u00e8 cercata una soluzione per individuare definitivamente un\u2019area in cui ospitare il circo o il luna park che quest\u2019anno alla festa di San Gerardo non ci sar\u00e0 come tutti gli anni nei parcheggi di fronte alla sede della Regione Basilicata. La citt\u00e0 di Potenza dovrebbe avere, come previsto anche dalla legge, una zona dedicata a tali attivit\u00e0 ma ancora non \u00e8 riuscita ad individuarla\u201d.<\/p>\n<p>\u201cLa particolare situazione \u2013continua- \u00e8, inoltre, da definire insieme agli attuali occupanti per cui il permesso di utilizzo del suolo vicino al ponte di Via Di Giura \u00e8 scaduto il 24 novembre del 2006 senza concessione di alcuna proroga cos\u00ec come ha risposto alla mia interrogazione anche l\u2019ufficio di gestione patrimonio, manutenzione e servizi tecnologici del Comune di Potenza\u201d.<\/p>\n<p>\u201cLa volont\u00e0 comune, credo, sia quella di valorizzare l\u2019area cos\u00ec centrale alla citt\u00e0 di Potenza e che potrebbe, dunque, servire pi\u00f9 di un quartiere offrendo ai cittadini la possibilit\u00e0 di usufruire di una zona attrezzata per attivit\u00e0 ludiche e circensi e ben collegata, attraverso il congiungimento con il Parco Baden Powel, a rione Mancusi. Altra questione, poi, riguarda la legittima o meno permanenza dei privati nella zona che attualmente ancora occupano\u201d.<\/p>\n","protected":false},"excerpt":{"rendered":"<p>Secondo il consigliere comunale di Potenza Giuseppe Molinari \u201csarebbe arrivata l\u2019ora di definire una volta per tutte la funzione dell\u2019area comunale vicina al ponte dei &#8230; <\/p>\n","protected":false},"author":1,"featured_media":0,"comment_status":"closed","ping_status":"closed","sticky":false,"template":"single-sidebar.php","format":"standard","meta":{"footnotes":""},"categories":[384],"tags":[],"class_list":["post-7507","post","type-post","status-publish","format-standard","hentry","category-c243-comunicati-stampa-dei-consiglieri-243"],"_links":{"self":[{"href":"https:\/\/archivio.comune.potenza.it\/index.php?rest_route=\/wp\/v2\/posts\/7507"}],"collection":[{"href":"https:\/\/archivio.comune.potenza.it\/index.php?rest_route=\/wp\/v2\/posts"}],"about":[{"href":"https:\/\/archivio.comune.potenza.it\/index.php?rest_route=\/wp\/v2\/types\/post"}],"author":[{"embeddable":true,"href":"https:\/\/archivio.comune.potenza.it\/index.php?rest_route=\/wp\/v2\/users\/1"}],"replies":[{"embeddable":true,"href":"https:\/\/archivio.comune.potenza.it\/index.php?rest_route=%2Fwp%2Fv2%2Fcomments&post=7507"}],"version-history":[{"count":0,"href":"https:\/\/archivio.comune.potenza.it\/index.php?rest_route=\/wp\/v2\/posts\/7507\/revisions"}],"wp:attachment":[{"href":"https:\/\/archivio.comune.potenza.it\/index.php?rest_route=%2Fwp%2Fv2%2Fmedia&parent=7507"}],"wp:term":[{"taxonomy":"category","embeddable":true,"href":"https:\/\/archivio.comune.potenza.it\/index.php?rest_route=%2Fwp%2Fv2%2Fcategories&post=7507"},{"taxonomy":"post_tag","embeddable":true,"href":"https:\/\/archivio.comune.potenza.it\/index.php?rest_route=%2Fwp%2Fv2%2Ftags&post=7507"}],"curies":[{"name":"wp","href":"https:\/\/api.w.org\/{rel}","templated":true}]}}