{"id":7522,"date":"2013-05-25T10:53:59","date_gmt":"2013-05-25T08:53:59","guid":{"rendered":"http:\/\/archivio.comune.potenza.it\/comune_wp\/?p=7522"},"modified":"2013-05-25T10:53:59","modified_gmt":"2013-05-25T08:53:59","slug":"gianpaolo-carretta-partito-democratico-storica-parata-dei-turchi-2013","status":"publish","type":"post","link":"https:\/\/archivio.comune.potenza.it\/?p=7522","title":{"rendered":"Gianpaolo Carretta (Partito Democratico): Storica Parata dei Turchi 2013"},"content":{"rendered":"<p>Come ogni anno, la citt\u00e0 di Potenza si prepara con entusiasmo all&#8217;evento pi\u00f9 atteso dell&#8217;anno: la Storica Parata dei Turchi.<\/p>\n<p>Una festa molto sentita da tutti i potentini, che dal 2010 \u00e8 stata sottoposta ad una rivisitazione, che ha riportato, grazie al Comitato scientifico, ai suoi studi e alle ricerche svolte su documenti storici, la tradizione e un ritorno al passato, riuscendo a far approvare il \u201cDisciplinare per le Parate e le Rievocazioni Storiche dedicate alla commemorazione per San Gerardo Patrono della citt\u00e0 di Potenza\u201d, un regolamento che disciplina la continuit\u00e0 storica di questo evento cos\u00ec importante per la citt\u00e0 di Potenza, che prescinder\u00e0 dai Sindaci e dalle Amministrazioni comunali che si succederanno.<\/p>\n<p>Vanno, inoltre, ricordati, il riconoscimento di \u201cPatrimonio d&#8217;Italia per la tradizione\u201d, assegnato alla Parata, nel 2011 dal Ministero del Turismo, per essersi distinta a livello nazionale nella capacit\u00e0 di mantenere vivo il folclore del proprio territorio e\u00a0 la sua candidatura\u00a0 a Patrimonio immateriale dell\u2019Unesco.<\/p>\n<p>Il Gruppo del Partito Democratico ritiene di fondamentale importanza, per la citt\u00e0 di Potenza, salvaguardare il proprio patrimonio culturale, promuoverlo a livello locale, nazionale e internazionale, attraverso la consapevolezza del grande valore delle tradizioni e del territorio e auspica che a tal proposito venga ampliata la stagione del Maggio potentino, sia dal punto di vista dell&#8217;offerta, magari attraverso iniziative legate allo sport, utilizzando i numerosi parchi presenti in citt\u00e0, sia dal punto di vista della durata, affinch\u00e9 le iniziative non ruotino soltanto intorno all&#8217;evento culminante dei festeggiamenti del Santo patrono.<\/p>\n<p>\u00a0<\/p>\n","protected":false},"excerpt":{"rendered":"<p>Come ogni anno, la citt\u00e0 di Potenza si prepara con entusiasmo all&#8217;evento pi\u00f9 atteso dell&#8217;anno: la Storica Parata dei Turchi. Una festa molto sentita da &#8230; <\/p>\n","protected":false},"author":1,"featured_media":0,"comment_status":"closed","ping_status":"closed","sticky":false,"template":"single-sidebar.php","format":"standard","meta":{"footnotes":""},"categories":[384],"tags":[],"class_list":["post-7522","post","type-post","status-publish","format-standard","hentry","category-c243-comunicati-stampa-dei-consiglieri-243"],"_links":{"self":[{"href":"https:\/\/archivio.comune.potenza.it\/index.php?rest_route=\/wp\/v2\/posts\/7522"}],"collection":[{"href":"https:\/\/archivio.comune.potenza.it\/index.php?rest_route=\/wp\/v2\/posts"}],"about":[{"href":"https:\/\/archivio.comune.potenza.it\/index.php?rest_route=\/wp\/v2\/types\/post"}],"author":[{"embeddable":true,"href":"https:\/\/archivio.comune.potenza.it\/index.php?rest_route=\/wp\/v2\/users\/1"}],"replies":[{"embeddable":true,"href":"https:\/\/archivio.comune.potenza.it\/index.php?rest_route=%2Fwp%2Fv2%2Fcomments&post=7522"}],"version-history":[{"count":0,"href":"https:\/\/archivio.comune.potenza.it\/index.php?rest_route=\/wp\/v2\/posts\/7522\/revisions"}],"wp:attachment":[{"href":"https:\/\/archivio.comune.potenza.it\/index.php?rest_route=%2Fwp%2Fv2%2Fmedia&parent=7522"}],"wp:term":[{"taxonomy":"category","embeddable":true,"href":"https:\/\/archivio.comune.potenza.it\/index.php?rest_route=%2Fwp%2Fv2%2Fcategories&post=7522"},{"taxonomy":"post_tag","embeddable":true,"href":"https:\/\/archivio.comune.potenza.it\/index.php?rest_route=%2Fwp%2Fv2%2Ftags&post=7522"}],"curies":[{"name":"wp","href":"https:\/\/api.w.org\/{rel}","templated":true}]}}