{"id":7523,"date":"2013-05-25T10:55:14","date_gmt":"2013-05-25T08:55:14","guid":{"rendered":"http:\/\/archivio.comune.potenza.it\/comune_wp\/?p=7523"},"modified":"2013-05-25T10:55:14","modified_gmt":"2013-05-25T08:55:14","slug":"antonino-imbesi-8popolo-della-liberta-necessita-di-un-bilancio-preventivo-per-il-2013-del-comune-di-potenza","status":"publish","type":"post","link":"https:\/\/archivio.comune.potenza.it\/?p=7523","title":{"rendered":"Antonino Imbesi 8Popolo della Libert\u00e0): Necessit\u00e0 di un bilancio preventivo per il 2013 del Comune di Potenza"},"content":{"rendered":"<p>Il VicePresidente del Consiglio Comunale di Potenza, Antonino Imbesi, in una nota, ha commentato l\u2019urgente necessit\u00e0 che il Comune di Potenza predisponga una ipotesi di Bilancio Preventivo per l\u2019anno in corso.<\/p>\n<p>&#8220;<em>Fermo restando che in un momento come quello attuale (di &lt;&lt;confusione legislativa&gt;&gt; in cui le norme nazionali non sono sicure ma spesso raffazzonate nell\u2019attesa degli eventi) \u00e8 difficile fare previsioni certe, <\/em>\u2013 ha detto il VicePresidente \u2013<em> bisogna per\u00f2 prendere atto che il Municipio non pu\u00f2 continuare ad andare avanti senza una ipotesi di bilancio che consenta agli uffici di superare il vincolo dei dodicesimi e che consenta di programmare azioni ed opere sul piano gestionale, altrimenti, invece che le spese milionarie indicate nelle ultime settimane dal Sindaco (peraltro tutte ancora da verificare in concreto&#8230;) il Comune si ritrover\u00e0 a non poter gestire nemmeno l\u2019ordinario, magari non riuscendo non solo a non pagare le aziende fornitrici di servizi e prodotti ma addirittura gli stipendi dei dipendenti!\u201d<\/em><\/p>\n<p>Imbesi ha fatto presente che, per il momento l\u2019Assessorato competente, non ha predisposto nemmeno una bozza del bilancio 2013 nonostante le reiterate Sue richieste e gli inviti che molti uffici del Municipio hanno fatto e continuano a fare da diverso tempo.<\/p>\n<p>\u201c<em>\u00c8 indubbio che questa volta il Bilancio annuale risenta della difficolt\u00e0 di inserire l\u2019IMU (la cui rata di giugno \u00e8 stata, per il momento, sospesa dal Governo) tra le risorse in entrata <\/em>\u2013 ha detto il Consigliere Comunale \u2013<em> ma dall\u2019altro lato \u00e8 pur necessario fare una programmazione delle attivit\u00e0 e non si pu\u00f2 sistematicamente, come avvenuto negli ultimi anni, arrivare a fare un bilancio preventivo a settembre perch\u00e9 questo significa non programmare alcunch\u00e9 ed anzi impedire una sana gestione delle iniziative: ed il risultato \u00e8 che la gente si lamenta come non mai di una Amministrazione incapace di rispondere alle esigenze e necessit\u00e0 anche pi\u00f9 elementari\u2026 .<\/em>\u201d<\/p>\n<p>Il VicePresidente ha poi fatto rilevare che \u201cprogrammare\u201d per tempo utile permette anche di vagliare con attenzione spese ed entrate, consentendo anche riduzioni di imposte, che in questo momento di grave crisi finanziaria delle famiglie \u00e8, di certo, un toccasana irrinunciabile.<\/p>\n<p>\u201c<em>Il Comune <\/em>\u2013 ha continuato Imbesi \u2013<em> al di l\u00e0 dei proclami e delle dichiarazioni non \u00e8 mai riuscito a porre in essere una programmazione davvero partecipata ed anzi ha addirittura sempre osteggiato le proposte provenienti dalla Minoranza, non approvando i suoi suggerimenti e spesso votando (in aperto contrasto alle norme della pi\u00f9 elementare democrazia) di non procedere nemmeno alla discussione su tali idee, anche quando queste ricevevamo l\u2019ok dagli uffici finanziari\u2026 Eppure nei nostri emendamenti abbiamo pi\u00f9 volte indicato come ridurre un carico fiscale locale ormai arrivato a livelli davvero inaccettabili (pensate che nel solo 2012 la pressione finanziaria \u00e8 passata in un solo anno da 1.044 a 1.278 Euro per abitante con un aumento del +22,41% e che la pressione tributaria \u00e8 aumentata da 807 a 932 Euro ad abitante con un ragguardevole +15,49%!) .\u201d<\/em><\/p>\n<p>Il Consigliere Comunale ha, pertanto, concluso chiedendo che il Bilancio 2013 tenga in considerazione la crisi economica e di liquidit\u00e0 delle famiglie e delle imprese.<\/p>\n<p>&#8220;<em>Mi auguro che l\u2019Amministrazione predisponga con rapidit\u00e0 una ipotesi di bilancio annuale <\/em>\u2013 ha chiuso Imbesi\u2013<em> che tenga ben presente che le famiglie potentine non hanno pi\u00f9 la possibilit\u00e0 di essere vessate fino all\u2019osso, e che, al contempo, invece riduca la spesa superflua cominciando peraltro a rispettare la norma che prevede la trasformazione dell\u2019ACTA!.<\/em>\u201d<\/p>\n","protected":false},"excerpt":{"rendered":"<p>Il VicePresidente del Consiglio Comunale di Potenza, Antonino Imbesi, in una nota, ha commentato l\u2019urgente necessit\u00e0 che il Comune di Potenza predisponga una ipotesi di &#8230; <\/p>\n","protected":false},"author":1,"featured_media":0,"comment_status":"closed","ping_status":"closed","sticky":false,"template":"single-sidebar.php","format":"standard","meta":{"footnotes":""},"categories":[384],"tags":[],"class_list":["post-7523","post","type-post","status-publish","format-standard","hentry","category-c243-comunicati-stampa-dei-consiglieri-243"],"_links":{"self":[{"href":"https:\/\/archivio.comune.potenza.it\/index.php?rest_route=\/wp\/v2\/posts\/7523"}],"collection":[{"href":"https:\/\/archivio.comune.potenza.it\/index.php?rest_route=\/wp\/v2\/posts"}],"about":[{"href":"https:\/\/archivio.comune.potenza.it\/index.php?rest_route=\/wp\/v2\/types\/post"}],"author":[{"embeddable":true,"href":"https:\/\/archivio.comune.potenza.it\/index.php?rest_route=\/wp\/v2\/users\/1"}],"replies":[{"embeddable":true,"href":"https:\/\/archivio.comune.potenza.it\/index.php?rest_route=%2Fwp%2Fv2%2Fcomments&post=7523"}],"version-history":[{"count":0,"href":"https:\/\/archivio.comune.potenza.it\/index.php?rest_route=\/wp\/v2\/posts\/7523\/revisions"}],"wp:attachment":[{"href":"https:\/\/archivio.comune.potenza.it\/index.php?rest_route=%2Fwp%2Fv2%2Fmedia&parent=7523"}],"wp:term":[{"taxonomy":"category","embeddable":true,"href":"https:\/\/archivio.comune.potenza.it\/index.php?rest_route=%2Fwp%2Fv2%2Fcategories&post=7523"},{"taxonomy":"post_tag","embeddable":true,"href":"https:\/\/archivio.comune.potenza.it\/index.php?rest_route=%2Fwp%2Fv2%2Ftags&post=7523"}],"curies":[{"name":"wp","href":"https:\/\/api.w.org\/{rel}","templated":true}]}}