{"id":7526,"date":"2013-05-26T14:20:14","date_gmt":"2013-05-26T12:20:14","guid":{"rendered":"http:\/\/archivio.comune.potenza.it\/comune_wp\/?p=7526"},"modified":"2013-05-26T14:20:14","modified_gmt":"2013-05-26T12:20:14","slug":"sergio-potenza-popolari-uniti-consiglio-comunale-straordinario-su-furti-e-sicurezza-in-citta-del-27-maggio-2013","status":"publish","type":"post","link":"https:\/\/archivio.comune.potenza.it\/?p=7526","title":{"rendered":"Sergio Potenza (Popolari Uniti): consiglio comunale straordinario su furti e sicurezza in citt\u00e0 del 27 maggio 2013"},"content":{"rendered":"<p><em>&#8220;Amministrazione, Forze dell&#8217;Ordine e Prefettura lavorino insieme per prevenire furti, atti vandalici e prostituzione. La citt\u00e0 di Potenza non ha mai avuto problemi di sicurezza e dobbiamo evitare che possa averne in futuro. Preoccupanti gli ultimi recenti episodi\u201d<\/em><\/p>\n<p>\u201cE&#8217; da diverso tempo che in citt\u00e0 si avverte un problema sicurezza: dai furti in appartamento agli scippi, sono diversi gli episodi che hanno creato una certa apprensione fra i cittadini. Un problema a cui vanno date risposte celeri in termini di controllo del territorio e di rinforzo degli organici.\u201d<\/p>\n<p>A sostenerlo\u00a0 \u00e8 il capogruppo dei Popolari Uniti Sergio Potenza, primo firmatario della proposta di un Consiglio comunale aperto, che l&#8217;amministrazione ha convocato per domani 27 maggio alle 8.30\u00a0 nella Sala del Consiglio comunale in via Nazario Sauro con il seguente ordine del giorno \u201cSicurezza in citt\u00e0: iniziative dell&#8217;amministrazione Comunale, della Prefettura e delle Forze dell&#8217;Ordine per prevenire i reati predatori\u201d.<\/p>\n<p>Le Forze dell&#8217;Ordine \u2013 sostiene Potenza \u2013 compiono giornalmente un lavoro egregio, ma in questo momento \u00e8 necessario attivare un&#8217;azione mirata e coordinata con\u00a0 la Prefettura ed il Comune. Occorre certamente rinforzare gli organici e i turni per operazioni mirate.\u00a0 La citt\u00e0 di Potenza non ha mai avuto problemi di sicurezza e dovremmo evitare che in futuro possa averne. Purtroppo \u2013 prosegue il consigliere dei Pu \u2013 nel capoluogo\u00a0 (nelle zone periferiche, come nel centro storico) c&#8217;\u00e8 anche un&#8217;emergenza prostituzione che non va sottovalutata. A ci\u00f2 devono aggiungersi atti di microcriminalit\u00e0 e di vandalismo che stanno creando non pochi problemi ai residenti di alcune zone della citt\u00e0. In tal senso il lavoro congiunto di Amministrazione, Prefettura e Forze dell&#8217;Ordine potr\u00e0 dare\u00a0 riscontri positivi. L&#8217;auspicio \u2013 conclude il consigliere Potenza &#8211;\u00a0 \u00e8 che gi\u00e0 nell&#8217;assise di domani emergano proposte utili a partire da un maggiore controllo del territorio, che rappresenta il primo passo verso la prevenzione dei reati.<\/p>\n","protected":false},"excerpt":{"rendered":"<p>&#8220;Amministrazione, Forze dell&#8217;Ordine e Prefettura lavorino insieme per prevenire furti, atti vandalici e prostituzione. La citt\u00e0 di Potenza non ha mai avuto problemi di sicurezza &#8230; <\/p>\n","protected":false},"author":1,"featured_media":0,"comment_status":"closed","ping_status":"closed","sticky":false,"template":"single-sidebar.php","format":"standard","meta":{"footnotes":""},"categories":[384],"tags":[],"class_list":["post-7526","post","type-post","status-publish","format-standard","hentry","category-c243-comunicati-stampa-dei-consiglieri-243"],"_links":{"self":[{"href":"https:\/\/archivio.comune.potenza.it\/index.php?rest_route=\/wp\/v2\/posts\/7526"}],"collection":[{"href":"https:\/\/archivio.comune.potenza.it\/index.php?rest_route=\/wp\/v2\/posts"}],"about":[{"href":"https:\/\/archivio.comune.potenza.it\/index.php?rest_route=\/wp\/v2\/types\/post"}],"author":[{"embeddable":true,"href":"https:\/\/archivio.comune.potenza.it\/index.php?rest_route=\/wp\/v2\/users\/1"}],"replies":[{"embeddable":true,"href":"https:\/\/archivio.comune.potenza.it\/index.php?rest_route=%2Fwp%2Fv2%2Fcomments&post=7526"}],"version-history":[{"count":0,"href":"https:\/\/archivio.comune.potenza.it\/index.php?rest_route=\/wp\/v2\/posts\/7526\/revisions"}],"wp:attachment":[{"href":"https:\/\/archivio.comune.potenza.it\/index.php?rest_route=%2Fwp%2Fv2%2Fmedia&parent=7526"}],"wp:term":[{"taxonomy":"category","embeddable":true,"href":"https:\/\/archivio.comune.potenza.it\/index.php?rest_route=%2Fwp%2Fv2%2Fcategories&post=7526"},{"taxonomy":"post_tag","embeddable":true,"href":"https:\/\/archivio.comune.potenza.it\/index.php?rest_route=%2Fwp%2Fv2%2Ftags&post=7526"}],"curies":[{"name":"wp","href":"https:\/\/api.w.org\/{rel}","templated":true}]}}