{"id":7529,"date":"2013-05-27T06:59:52","date_gmt":"2013-05-27T04:59:52","guid":{"rendered":"http:\/\/archivio.comune.potenza.it\/comune_wp\/?p=7529"},"modified":"2013-05-27T06:59:52","modified_gmt":"2013-05-27T04:59:52","slug":"salvatore-lacerra-m-a-l-m-p-a-vendita-tribunale-di-potenza","status":"publish","type":"post","link":"https:\/\/archivio.comune.potenza.it\/?p=7529","title":{"rendered":"Salvatore Lacerra (M.A.L. &#8211; M.P.A.): Vendita Tribunale di Potenza"},"content":{"rendered":"<p>Marted\u00ec prossimo, 28 Maggio alle ore 16,30 presso la sala Consiliare, su richiesta dei Gruppi di Opposizione \u00e8 stato convocato il Consiglio Comunale della Citt\u00e0 di Potenza per discutere sulla opportunit\u00e0 di vendita del Palazzo di Giustizia sede del Tribunale di Potenza.<\/p>\n<p>La decisione di vendere l\u2019immobile, sede del Tribunale, \u00e8 stata assunta con delibera di Consiglio Comunale n.84 del 30-7-2008, al prezzo di \u20ac. 53.200.000,00, prezzo pari al costo di costruzione stimato dall\u2019UTE con la previsione di un canone di fitto fissato in \u20ac. 3.100.000,00 annui. Canone da adeguarsi annualmente secondo gli indici ISTAT.<\/p>\n<p>L \u2018immobile, realizzato negli anni \u201980, con fondi ministeriali per circa \u00a3. 38.000.000.000, pari ai 4\/5 della spesa totale, \u00e8 stato realizzato\u00a0 a seguito di un concorso nazionale vinto dai progettisti Arch. Alberigo Lapenna e Ing. Cannizzo. Occupa un\u2019area di 14.022 mq. si sviluppa su nove piani con una superficie\u00a0 totale di 39.446 mq. ed una superficie\u00a0 totale convenzionale\u00a0 di 33.443 mq.<\/p>\n<p>Dopo un lungo percorso, nel quale sono venuti meno una serie di interlocutori, pure dichiaratisi interessati all\u2019acquisto, forse per le iniziali condizioni molto restrittive, ecco che l\u2019unica societ\u00e0\u00a0 che ha manifestato interesse all\u2019acquisto \u00e8 stata la MAYA Immobiliare srl, societ\u00e0 costituita nel\u00a0 1998 e con soli 15.300,00 \u20ac\u00a0 di capitale sociale, Immobiliare che sembra aver\u00a0 ceduto il suo diritto di acquisto ad altra societ\u00e0: la Peter Pan srl.<\/p>\n<p>Il prezzo veniva ridotto a soli \u00a0\u20ac. 32.000.000,00, mentre il canone, a seguito degli adeguamenti veniva indicato in \u20ac. 3.290.000,00 annui, oltre IVA, da corrispondersi anticipatamente e sempre assoggettato agli ulteriori adeguamenti ISTAT, locazione della durata minima di anni, 30 rinnovabili.<\/p>\n<p>Appurato che il ministero, ai sensi della L.392\/1941 art. 2, non rimborsa ma contribuisce\u00a0 alle spese sostenute dai Comuni per le sedi degli Uffici Giudiziari, annullata, con sentenza del TAR Basilicata n. 25\/2013,\u00a0 la delibera Consiliare di vendita a\u00a0 seguito di ricorso proposto dal Ministero di Grazia e Giustizia e rinviata al 3 dicembre la discussione dell\u2019Appello proposto dinanzi al Consiglio di Stato dal Comune di Potenza e dalla Maya Immobiliare, i Gruppi di Opposizione hanno proposto che in Consiglio Comunale si discutesse della vendita ed alla luce delle ultime vicende e valutata la assenza di validit\u00e0 politica ed economico-finanziaria di una simile operazione,\u00a0 sollecita il Consiglio Comunale ed assumere la decisione di non voler vendere l\u2019immobile, sede del Tribunale di Potenza, a privati.<\/p>\n","protected":false},"excerpt":{"rendered":"<p>Marted\u00ec prossimo, 28 Maggio alle ore 16,30 presso la sala Consiliare, su richiesta dei Gruppi di Opposizione \u00e8 stato convocato il Consiglio Comunale della Citt\u00e0 &#8230; <\/p>\n","protected":false},"author":1,"featured_media":0,"comment_status":"closed","ping_status":"closed","sticky":false,"template":"single-sidebar.php","format":"standard","meta":{"footnotes":""},"categories":[384],"tags":[],"class_list":["post-7529","post","type-post","status-publish","format-standard","hentry","category-c243-comunicati-stampa-dei-consiglieri-243"],"_links":{"self":[{"href":"https:\/\/archivio.comune.potenza.it\/index.php?rest_route=\/wp\/v2\/posts\/7529"}],"collection":[{"href":"https:\/\/archivio.comune.potenza.it\/index.php?rest_route=\/wp\/v2\/posts"}],"about":[{"href":"https:\/\/archivio.comune.potenza.it\/index.php?rest_route=\/wp\/v2\/types\/post"}],"author":[{"embeddable":true,"href":"https:\/\/archivio.comune.potenza.it\/index.php?rest_route=\/wp\/v2\/users\/1"}],"replies":[{"embeddable":true,"href":"https:\/\/archivio.comune.potenza.it\/index.php?rest_route=%2Fwp%2Fv2%2Fcomments&post=7529"}],"version-history":[{"count":0,"href":"https:\/\/archivio.comune.potenza.it\/index.php?rest_route=\/wp\/v2\/posts\/7529\/revisions"}],"wp:attachment":[{"href":"https:\/\/archivio.comune.potenza.it\/index.php?rest_route=%2Fwp%2Fv2%2Fmedia&parent=7529"}],"wp:term":[{"taxonomy":"category","embeddable":true,"href":"https:\/\/archivio.comune.potenza.it\/index.php?rest_route=%2Fwp%2Fv2%2Fcategories&post=7529"},{"taxonomy":"post_tag","embeddable":true,"href":"https:\/\/archivio.comune.potenza.it\/index.php?rest_route=%2Fwp%2Fv2%2Ftags&post=7529"}],"curies":[{"name":"wp","href":"https:\/\/api.w.org\/{rel}","templated":true}]}}