{"id":7545,"date":"2013-05-28T16:15:42","date_gmt":"2013-05-28T14:15:42","guid":{"rendered":"http:\/\/archivio.comune.potenza.it\/comune_wp\/?p=7545"},"modified":"2013-05-28T16:15:42","modified_gmt":"2013-05-28T14:15:42","slug":"santarsiero-su-risultati-elezioni-amministrative","status":"publish","type":"post","link":"https:\/\/archivio.comune.potenza.it\/?p=7545","title":{"rendered":"Santarsiero su risultati elezioni amministrative"},"content":{"rendered":"<p style=\"text-align: justify;\"><span class=\"s5\">&#8220;La tornata elettorale di domenica e luned\u00ec oltre al preoccupante dato relativo al forte astensionismo ha espresso una chiara inversione di tendenza nell\u2019elettorato, quella di affidarsi non pi\u00f9 ad avventure, suggestioni e populismi ma a forze e percorsi politici chiari e riconoscibili.<\/span>In tale contesto il PD ha potuto rappresentare anche nella nostra Regione un riferimento forte, un\u2019ancora ben precisa e definita, sufficientemente sicura, per quella parte di elettorato orientato verso posizioni, valori e culture europee, riformiste e sociali.<span class=\"s5\">Occorre cogliere questo importante messaggio e comprendere che oggi pi\u00f9 che mai si impongono nel Partito Democratico\u00a0<\/span><span class=\"s5\">chiarezza e coerenza e la necessit\u00e0 di far sentire e percepire il Partito quale luogo della formazione delle nuove coscienze e delle nuove classe dirigenti, luogo di uno spirito di servizio vero, luogo del confronto finalizzato alla elaborazione di un progetto di costruzione del bene comune.<\/span>Sbaglia chi immagina che il PD possa essere un mezzo utile per organigrammi personali o strumento da potersi utilizzare secondo situazioni e convenienze.E\u2019 necessario comprendere e far comprendere il valore primario del Partito, della sua unit\u00e0, della sua capacit\u00e0 di essere riferimento della gente e \u00a0di mettere al centro gli interessi della comunit\u00e0 e non gi\u00e0 delle sue classi dirigenti. E\u2019 necessario cio\u00e8 comprendere che solo se vince il Partito vincono anche le sue classi dirigenti.<span class=\"s5\">Rimuovere equivoci e fare chiarezza su alcune vicende emerse nella campagna elettorale si impone\u00a0<\/span><span class=\"s5\">quindi\u00a0<\/span><span class=\"s5\">non perch\u00e9 occorre colpevolizzare qualcuno ma solo perch\u00e9 non si pu\u00f2 trasferire un errato messaggio ed indebolire la portata delle politiche e delle azioni necessarie in un momento cos\u00ec delicato.<\/span><span class=\"s5\">Tocca proprio\u00a0<\/span><span class=\"s5\">al principale Partito del Centro\u00a0<\/span><span class=\"s5\">S<\/span><span class=\"s5\">inistra\u00a0<\/span><span class=\"s5\">L<\/span><span class=\"s5\">ucano farsi subito carico della responsabilit\u00e0 di aprire un ampio dibattito sul ruolo e sui comportamenti della politica ed avviare una decisiva fase di riflessione e concertazione con i mondi produttivi, professionali, associativi e sindacali per la migliore definizione di un grande progetto di rilancio della nostra Regione.<\/span>La definizione dell\u2019accordo di partenariato del prossimo ciclo di programmazione 2014-2020, la necessit\u00e0 di favorire adeguati progetti di sviluppo locale, il dover portare il Sud al centro delle politiche nazionali, l\u2019 assicurare \u00a0nel contempo le vaste marginalit\u00e0 sociali ci chiamano ad un grande sforzo ed a portare in campo responsabilit\u00e0, esperienze e professionalit\u00e0.<span class=\"s5\">Solo una grande risposta<\/span><span class=\"s5\">&#8211;<\/span><span class=\"s5\">proposta politico<\/span><span class=\"s5\">&#8211;<\/span><span class=\"s5\">programmatica in forte sintonia con le esigenze dei territori, potr\u00e0 riempire di contenuti il nuovo credito offerto ai partiti ed in particolare al PD della nostra Regione.<\/span>A noi il compito di essere all\u2019altezza fino in fondo.<\/p>\n<p style=\"text-align: justify;\"><span><span class=\"s3\">Vito Santarsiero<\/span><\/span><\/p>\n<p style=\"text-align: justify;\"><span class=\"s3\">\u00a0<\/span><\/p>\n","protected":false},"excerpt":{"rendered":"<p>&#8220;La tornata elettorale di domenica e luned\u00ec oltre al preoccupante dato relativo al forte astensionismo ha espresso una chiara inversione di tendenza nell\u2019elettorato, quella di &#8230; <\/p>\n","protected":false},"author":1,"featured_media":0,"comment_status":"closed","ping_status":"closed","sticky":false,"template":"single-sidebar.php","format":"standard","meta":{"footnotes":""},"categories":[384],"tags":[],"class_list":["post-7545","post","type-post","status-publish","format-standard","hentry","category-c243-comunicati-stampa-dei-consiglieri-243"],"_links":{"self":[{"href":"https:\/\/archivio.comune.potenza.it\/index.php?rest_route=\/wp\/v2\/posts\/7545"}],"collection":[{"href":"https:\/\/archivio.comune.potenza.it\/index.php?rest_route=\/wp\/v2\/posts"}],"about":[{"href":"https:\/\/archivio.comune.potenza.it\/index.php?rest_route=\/wp\/v2\/types\/post"}],"author":[{"embeddable":true,"href":"https:\/\/archivio.comune.potenza.it\/index.php?rest_route=\/wp\/v2\/users\/1"}],"replies":[{"embeddable":true,"href":"https:\/\/archivio.comune.potenza.it\/index.php?rest_route=%2Fwp%2Fv2%2Fcomments&post=7545"}],"version-history":[{"count":0,"href":"https:\/\/archivio.comune.potenza.it\/index.php?rest_route=\/wp\/v2\/posts\/7545\/revisions"}],"wp:attachment":[{"href":"https:\/\/archivio.comune.potenza.it\/index.php?rest_route=%2Fwp%2Fv2%2Fmedia&parent=7545"}],"wp:term":[{"taxonomy":"category","embeddable":true,"href":"https:\/\/archivio.comune.potenza.it\/index.php?rest_route=%2Fwp%2Fv2%2Fcategories&post=7545"},{"taxonomy":"post_tag","embeddable":true,"href":"https:\/\/archivio.comune.potenza.it\/index.php?rest_route=%2Fwp%2Fv2%2Ftags&post=7545"}],"curies":[{"name":"wp","href":"https:\/\/api.w.org\/{rel}","templated":true}]}}