{"id":7648,"date":"2013-06-17T08:05:40","date_gmt":"2013-06-17T06:05:40","guid":{"rendered":"http:\/\/archivio.comune.potenza.it\/comune_wp\/?p=7648"},"modified":"2013-06-17T08:05:40","modified_gmt":"2013-06-17T06:05:40","slug":"gianpaolo-carretta-partito-democratico-cittadinanza-onoraria-a-padre-vitale","status":"publish","type":"post","link":"https:\/\/archivio.comune.potenza.it\/?p=7648","title":{"rendered":"Gianpaolo Carretta (Partito Democratico): Cittadinanza onoraria a Padre Vitale"},"content":{"rendered":"<p>Nel corso del Consiglio comunale odierno \u00e8 stata conferita la Cittadinanza Onoraria della citt\u00e0 di Potenza a Padre Vitale Dartizio, stimato Parroco delle Chiese di Santa Maria del Sepolcro e di San Michele Arcangelo, nonch\u00e9 esempio di grande umanit\u00e0 e cristianit\u00e0, prestate per lo sviluppo e la crescita della nostra citt\u00e0.<\/p>\n<p>Il Gruppo del Partito Democratico ha accolto con grande soddisfazione tale riconoscimento ad un Parroco, che \u00e8 parte integrante della storia di Potenza e il cui servizio pastorale e sociale \u00e8 sempre stato a servizio della comunit\u00e0 tutta e, in particolar modo, delle famiglie e dei giovani.<\/p>\n<p>L&#8217;intraprendenza e l&#8217;operosit\u00e0 di Padre Vitale, il suo amore e la sua dedizione per la gente, ne hanno fatto una figura da cui ognuno ha ricevuto ed imparato qualcosa; la sua missione, frutto dell\u2019innovazione, ha precorso il concetto di Chiesa in movimento, come oggi richiede il Sommo Pontefice.<\/p>\n<p>Amato ed oggettivamente riconosciuto da tutti, all\u2019et\u00e0 di 91 anni, ancora presta la sua opera pastorale dal centro alle contrade pi\u00f9 lontane, trasmettendo i fondamenti della cristianit\u00e0, come la fratellanza e l&#8217;umanit\u00e0, prerogativa per tale importante conferimento, che ogni cittadino cristianamente gli dona.<\/p>\n","protected":false},"excerpt":{"rendered":"<p>Nel corso del Consiglio comunale odierno \u00e8 stata conferita la Cittadinanza Onoraria della citt\u00e0 di Potenza a Padre Vitale Dartizio, stimato Parroco delle Chiese di &#8230; <\/p>\n","protected":false},"author":1,"featured_media":0,"comment_status":"closed","ping_status":"closed","sticky":false,"template":"single-sidebar.php","format":"standard","meta":{"footnotes":""},"categories":[384],"tags":[],"class_list":["post-7648","post","type-post","status-publish","format-standard","hentry","category-c243-comunicati-stampa-dei-consiglieri-243"],"_links":{"self":[{"href":"https:\/\/archivio.comune.potenza.it\/index.php?rest_route=\/wp\/v2\/posts\/7648"}],"collection":[{"href":"https:\/\/archivio.comune.potenza.it\/index.php?rest_route=\/wp\/v2\/posts"}],"about":[{"href":"https:\/\/archivio.comune.potenza.it\/index.php?rest_route=\/wp\/v2\/types\/post"}],"author":[{"embeddable":true,"href":"https:\/\/archivio.comune.potenza.it\/index.php?rest_route=\/wp\/v2\/users\/1"}],"replies":[{"embeddable":true,"href":"https:\/\/archivio.comune.potenza.it\/index.php?rest_route=%2Fwp%2Fv2%2Fcomments&post=7648"}],"version-history":[{"count":0,"href":"https:\/\/archivio.comune.potenza.it\/index.php?rest_route=\/wp\/v2\/posts\/7648\/revisions"}],"wp:attachment":[{"href":"https:\/\/archivio.comune.potenza.it\/index.php?rest_route=%2Fwp%2Fv2%2Fmedia&parent=7648"}],"wp:term":[{"taxonomy":"category","embeddable":true,"href":"https:\/\/archivio.comune.potenza.it\/index.php?rest_route=%2Fwp%2Fv2%2Fcategories&post=7648"},{"taxonomy":"post_tag","embeddable":true,"href":"https:\/\/archivio.comune.potenza.it\/index.php?rest_route=%2Fwp%2Fv2%2Ftags&post=7648"}],"curies":[{"name":"wp","href":"https:\/\/api.w.org\/{rel}","templated":true}]}}