{"id":7652,"date":"2013-06-17T08:11:26","date_gmt":"2013-06-17T06:11:26","guid":{"rendered":"http:\/\/archivio.comune.potenza.it\/comune_wp\/?p=7652"},"modified":"2013-06-17T08:11:26","modified_gmt":"2013-06-17T06:11:26","slug":"nicola-becce-popolo-della-liberta-qualita-della-vita","status":"publish","type":"post","link":"https:\/\/archivio.comune.potenza.it\/?p=7652","title":{"rendered":"Nicola Becce (Popolo della Libert\u00e0): Qualit\u00e0 della vita"},"content":{"rendered":"<p>I dati emersi da un sondaggio effettuato a campione personalmente dal sottoscritto intervistando alcuni cittadini di Potenza, sono allarmanti e devono fare riflettere i responsabili della Res publica: il 58% dei potentini ritiene che la qualit\u00e0 della vita sia peggiorata, il 67% che la pulizia e l\u2019ordine sia insufficiente ed il 25% ritiene insicura la zona dove abita. Persone che orinano per la strada, escrementi di cane, risse, borseggi, atti vandalici, spaccio di droga, micro criminalit\u00e0, schiamazzi notturni, accattonaggio, venditori abusivi; c\u2019\u00e8 di tutto e di tutto di pi\u00f9. Un terzo dei potentini ha paura ad uscire da solo la sera. Emerge dal sondaggio che quasi tutti i potentini sono stati vittime di un reato che molto spesso non viene neanche denunciato. Ma la cosa pi\u00f9 grave \u00e8 che negli ultimi due anni i dati vanno sensibilmente peggiorando . Questa Amministrazione non \u00e8 riuscita ad invertire la rotta. Nel centro storico di Potenza la qualit\u00e0 della vita, il decoro, la sicurezza continuano a peggiorare di anno in anno. La citt\u00e0 di giorno e ancor pi\u00f9 di sera si presenta sporca, buia e pericolosa; una situazione che suscita la preoccupazione e l\u2019 indignazione dei potentini. Stiamo per andare incontro all&#8217;estate e nei prossimi mesi \u00e8 prevedibile che le strade e le piazze del centro saranno ostaggio della movida notturna sregolata e incontinente. Nessuno dei provvedimenti di Santarsiero e della sua giunta hanno dato dei risultati concreti.<\/p>\n<p>Il modo in cui la citt\u00e0 di Potenza si presenta ai suoi cittadini e ai pochi turisti che vengono a visitarla non \u00e8 adeguato a quella che \u00e8 la citt\u00e0 pi\u00f9 amata da tutti noi potentini. Questa amministrazione ha fallito questo obbiettivo. Ci dovranno pensare il prossimo Sindaco e la prossima Giunta.<\/p>\n<p>\u00a0<\/p>\n","protected":false},"excerpt":{"rendered":"<p>I dati emersi da un sondaggio effettuato a campione personalmente dal sottoscritto intervistando alcuni cittadini di Potenza, sono allarmanti e devono fare riflettere i responsabili &#8230; <\/p>\n","protected":false},"author":1,"featured_media":0,"comment_status":"closed","ping_status":"closed","sticky":false,"template":"single-sidebar.php","format":"standard","meta":{"footnotes":""},"categories":[384],"tags":[],"class_list":["post-7652","post","type-post","status-publish","format-standard","hentry","category-c243-comunicati-stampa-dei-consiglieri-243"],"_links":{"self":[{"href":"https:\/\/archivio.comune.potenza.it\/index.php?rest_route=\/wp\/v2\/posts\/7652"}],"collection":[{"href":"https:\/\/archivio.comune.potenza.it\/index.php?rest_route=\/wp\/v2\/posts"}],"about":[{"href":"https:\/\/archivio.comune.potenza.it\/index.php?rest_route=\/wp\/v2\/types\/post"}],"author":[{"embeddable":true,"href":"https:\/\/archivio.comune.potenza.it\/index.php?rest_route=\/wp\/v2\/users\/1"}],"replies":[{"embeddable":true,"href":"https:\/\/archivio.comune.potenza.it\/index.php?rest_route=%2Fwp%2Fv2%2Fcomments&post=7652"}],"version-history":[{"count":0,"href":"https:\/\/archivio.comune.potenza.it\/index.php?rest_route=\/wp\/v2\/posts\/7652\/revisions"}],"wp:attachment":[{"href":"https:\/\/archivio.comune.potenza.it\/index.php?rest_route=%2Fwp%2Fv2%2Fmedia&parent=7652"}],"wp:term":[{"taxonomy":"category","embeddable":true,"href":"https:\/\/archivio.comune.potenza.it\/index.php?rest_route=%2Fwp%2Fv2%2Fcategories&post=7652"},{"taxonomy":"post_tag","embeddable":true,"href":"https:\/\/archivio.comune.potenza.it\/index.php?rest_route=%2Fwp%2Fv2%2Ftags&post=7652"}],"curies":[{"name":"wp","href":"https:\/\/api.w.org\/{rel}","templated":true}]}}