{"id":7654,"date":"2013-06-17T08:20:17","date_gmt":"2013-06-17T06:20:17","guid":{"rendered":"http:\/\/archivio.comune.potenza.it\/comune_wp\/?p=7654"},"modified":"2013-06-17T08:20:17","modified_gmt":"2013-06-17T06:20:17","slug":"gianpaolo-carretta-partito-democratico-futuro-strategico-di-potenza","status":"publish","type":"post","link":"https:\/\/archivio.comune.potenza.it\/?p=7654","title":{"rendered":"Gianpaolo Carretta (Partito Democratico): Futuro strategico di Potenza"},"content":{"rendered":"<p>\u00c8 giunto il momento di aprire un dibattito sul futuro strategico della citt\u00e0 di Potenza e, a tal proposito, il Gruppo del Partito Democratico ha chiesto un Consiglio comunale straordinario aperto, invitando tutte le forze sociali, produttive e culturali a discutere sulla vocazione strategica del capoluogo di Regione, che deve confermarsi citt\u00e0 di servizi di alta qualit\u00e0, definendo strategicamente la sua vocazione di Citt\u00e0 Comprensorio.<\/p>\n<p>Su questa scia, in modo coerente, gi\u00e0 il Sindaco e il Gruppo PD si sono esposti, quando, insieme alla coalizione di centro-sinistra, hanno discusso in Consiglio comunale sul tema delle province, conducendo una battaglia, anche all&#8217;interno del proprio partito, che ha portato alla salvaguardia del ruolo di Potenza, quale presidio della Provincia e dei suoi uffici, scrivendo una pagina importante nella storia politico-istituzionale della nostra regione e del suo capoluogo, attraverso un dibattito corretto, privo di interventi strumentali o campanilistici, al di fuori di futuri scenari elettorali, affrontando oggettivamente le questioni di merito.<\/p>\n<p>Analoga battaglia politica \u00e8 stata condotta, sotto l&#8217;aspetto istituzionale ed amministrativo, per tutti i fondi che il Sindaco e il centro sinistra potentino, ed, in particolar modo, il Gruppo PD cittadino e regionale, sono riusciti a garantire per il completamento infrastrutturale e per lo sviluppo socio-economico della citt\u00e0 di Potenza.<\/p>\n<p>Bisogna, dunque, aprire un grande confronto di merito ed un elevato dibattito programmatico, che abbia come tema Potenza 2020, abbandonando ogni sterile polemica di basso profilo politico, guardando soltanto al bene della nostra comunit\u00e0, dimostrando uno slancio ideale vero e non solo declamato o annunciato.<\/p>\n<p>\u00a0<\/p>\n","protected":false},"excerpt":{"rendered":"<p>\u00c8 giunto il momento di aprire un dibattito sul futuro strategico della citt\u00e0 di Potenza e, a tal proposito, il Gruppo del Partito Democratico ha &#8230; <\/p>\n","protected":false},"author":1,"featured_media":0,"comment_status":"closed","ping_status":"closed","sticky":false,"template":"single-sidebar.php","format":"standard","meta":{"footnotes":""},"categories":[384],"tags":[],"class_list":["post-7654","post","type-post","status-publish","format-standard","hentry","category-c243-comunicati-stampa-dei-consiglieri-243"],"_links":{"self":[{"href":"https:\/\/archivio.comune.potenza.it\/index.php?rest_route=\/wp\/v2\/posts\/7654"}],"collection":[{"href":"https:\/\/archivio.comune.potenza.it\/index.php?rest_route=\/wp\/v2\/posts"}],"about":[{"href":"https:\/\/archivio.comune.potenza.it\/index.php?rest_route=\/wp\/v2\/types\/post"}],"author":[{"embeddable":true,"href":"https:\/\/archivio.comune.potenza.it\/index.php?rest_route=\/wp\/v2\/users\/1"}],"replies":[{"embeddable":true,"href":"https:\/\/archivio.comune.potenza.it\/index.php?rest_route=%2Fwp%2Fv2%2Fcomments&post=7654"}],"version-history":[{"count":0,"href":"https:\/\/archivio.comune.potenza.it\/index.php?rest_route=\/wp\/v2\/posts\/7654\/revisions"}],"wp:attachment":[{"href":"https:\/\/archivio.comune.potenza.it\/index.php?rest_route=%2Fwp%2Fv2%2Fmedia&parent=7654"}],"wp:term":[{"taxonomy":"category","embeddable":true,"href":"https:\/\/archivio.comune.potenza.it\/index.php?rest_route=%2Fwp%2Fv2%2Fcategories&post=7654"},{"taxonomy":"post_tag","embeddable":true,"href":"https:\/\/archivio.comune.potenza.it\/index.php?rest_route=%2Fwp%2Fv2%2Ftags&post=7654"}],"curies":[{"name":"wp","href":"https:\/\/api.w.org\/{rel}","templated":true}]}}