{"id":7656,"date":"2013-06-17T08:25:00","date_gmt":"2013-06-17T06:25:00","guid":{"rendered":"http:\/\/archivio.comune.potenza.it\/comune_wp\/?p=7656"},"modified":"2013-06-17T08:25:00","modified_gmt":"2013-06-17T06:25:00","slug":"nicola-becce-popolo-della-liberta-spazio-ad-amministratori-locali-e-consiglieri-in-trincea","status":"publish","type":"post","link":"https:\/\/archivio.comune.potenza.it\/?p=7656","title":{"rendered":"Nicola Becce (Popolo della Libert\u00e0): Spazio ad amministratori locali e consiglieri in trincea"},"content":{"rendered":"<p>Il conto alla rovescia scattato per il rinnovo dell\u2019amministrazione regionale mette sul tavolo nomi, proposte ed idee ma anche questioni metodologiche e consuetudini sulla scelta dei candidati che non possono restare appannaggio delle solitarie segreterie di partito, ma devono coinvolgere iscritti e simpatizzanti cercando possibilmente di calamitare il pi\u00f9 ampio consenso ed evitare debacle imbarazzanti. Come noto ci sar\u00e0 un consiglio regionale composto per la prima volta da venti consiglieri e non pi\u00f9 da trenta, ma anche \u00a0un nuovo\u00a0 governatore lucano dopo otto anni di regno defilippiano. Ci saranno &#8211; si spera &#8211;<\/p>\n<p>molti consiglieri diversi ed alcune facce nuove. Ma senza dimenticare la portata del messaggio politico che dovr\u00e0 emergere dal programma e dalla coalizione di centrodestra, non meno importante \u00e8 la composizione del tanto criticato (ma che poi tanto fa comodo ai partiti) Listino. Cio\u00e8 quella lista di candidati che attraverso il premio di maggioranza non vengono scelti dagli elettori. I cosiddetti \u00a0nominati che ancora una volta &#8211; nonostante le sbandierate volont\u00e0 di farne a meno &#8211; saranno blindati nel prossimo parlamentino regionale magari per semplice &#8220;grazia ricevuta&#8221;. E cos\u00ec tra giochi tattici e pedine intercambiabili \u00e8 iniziato l&#8217;odioso giochino che poco o nulla ha a che vedere con la delicata fase che la politica in genere, ma quella lucana in modo particolare, attraversa. Insomma anche sulla scelta dei candidati del listino (i &#8220;quattro&#8221; da nominare&#8221;) si avverte odore di bruciato, quella sensazione davvero poco edificante per cui &#8211; problemi dei lucani e sempre crescente astensionismo &#8211; lasciano il posto ad equilibrismi ed elezioni blindate in cui si cerca solamente di sistemare uomini fidati senza passare per il giusto esame del voto. Davvero un brutto inizio &#8211; nel Pdl soprattutto &#8211; dove per usare le parole di Paolo Del Debbio \u00e8 tutto un vivacchiare, al punto che poi diventa persino lecito non meravigliarsi delle batoste che si prendono quando i cittadini sono chiamati alle urne. Inutile negarlo: la selezione della classe dirigente \u00e8 molto scarsa, spesso i temi sono banali e con poco appeal. Motivo per cui la parola d&#8217;ordine per captare i voti della gente \u00e8 linguaggio semplice, proposte concrete, soluzioni. E poi le persone: non gli effetti speciali n\u00e8 tantomeno i matusalemme. Ecco perch\u00e8 a partire dalle liste e passando per il listino \u00e8 giusto ripartire dai volti puliti e seri della politica. Premiare amministratori locali, consiglieri che fanno il proprio lavoro tra i banchi comunali, rappresentanti sia del Potentino che del Materano. Insomma recuperare lo spirito originario della legge che intendeva innestare nel quadro politico personalit\u00e0 esterne e di indubbio valore. Tutto il contrario di quanto accade nelle stanze dei partiti che utilizzano il listino come porto sicuro e \u00e0ncora di salvataggio per sistemare chi &#8211; misurandosi con il voto democratico &#8211; rimedierebbe solo figuracce .<\/p>\n","protected":false},"excerpt":{"rendered":"<p>Il conto alla rovescia scattato per il rinnovo dell\u2019amministrazione regionale mette sul tavolo nomi, proposte ed idee ma anche questioni metodologiche e consuetudini sulla scelta &#8230; <\/p>\n","protected":false},"author":1,"featured_media":0,"comment_status":"closed","ping_status":"closed","sticky":false,"template":"single-sidebar.php","format":"standard","meta":{"footnotes":""},"categories":[384],"tags":[],"class_list":["post-7656","post","type-post","status-publish","format-standard","hentry","category-c243-comunicati-stampa-dei-consiglieri-243"],"_links":{"self":[{"href":"https:\/\/archivio.comune.potenza.it\/index.php?rest_route=\/wp\/v2\/posts\/7656"}],"collection":[{"href":"https:\/\/archivio.comune.potenza.it\/index.php?rest_route=\/wp\/v2\/posts"}],"about":[{"href":"https:\/\/archivio.comune.potenza.it\/index.php?rest_route=\/wp\/v2\/types\/post"}],"author":[{"embeddable":true,"href":"https:\/\/archivio.comune.potenza.it\/index.php?rest_route=\/wp\/v2\/users\/1"}],"replies":[{"embeddable":true,"href":"https:\/\/archivio.comune.potenza.it\/index.php?rest_route=%2Fwp%2Fv2%2Fcomments&post=7656"}],"version-history":[{"count":0,"href":"https:\/\/archivio.comune.potenza.it\/index.php?rest_route=\/wp\/v2\/posts\/7656\/revisions"}],"wp:attachment":[{"href":"https:\/\/archivio.comune.potenza.it\/index.php?rest_route=%2Fwp%2Fv2%2Fmedia&parent=7656"}],"wp:term":[{"taxonomy":"category","embeddable":true,"href":"https:\/\/archivio.comune.potenza.it\/index.php?rest_route=%2Fwp%2Fv2%2Fcategories&post=7656"},{"taxonomy":"post_tag","embeddable":true,"href":"https:\/\/archivio.comune.potenza.it\/index.php?rest_route=%2Fwp%2Fv2%2Ftags&post=7656"}],"curies":[{"name":"wp","href":"https:\/\/api.w.org\/{rel}","templated":true}]}}