{"id":7658,"date":"2013-06-17T08:28:01","date_gmt":"2013-06-17T06:28:01","guid":{"rendered":"http:\/\/archivio.comune.potenza.it\/comune_wp\/?p=7658"},"modified":"2013-06-17T08:28:01","modified_gmt":"2013-06-17T06:28:01","slug":"rocco-fiore-partito-democratico-attivita-politica-in-citta","status":"publish","type":"post","link":"https:\/\/archivio.comune.potenza.it\/?p=7658","title":{"rendered":"Rocco Fiore (Partito Democratico): Attivit\u00e0 politica in citt\u00e0"},"content":{"rendered":"<p>Sento l\u2019esigenza di esprimere alcune considerazioni alla luce degli articoli di stampa pubblicati sui quotidiani locali nei giorni scorsi e relativi alla contemporaneit\u00e0 delle due conferenze stampa di sabato scorso, una del gruppo PD al comune di Potenza, e l\u2019altra per la presentazione del manifesto politico \u201cL\u2019#openPD che vogliamo\u201d.<\/p>\n<p>Ancora una volta si utilizzano parole e argomenti del tutto fuori luogo e che vanno nella direzione opposta a quella che richiederebbe un momento politico e sociale difficile come quello che viviamo.<\/p>\n<p>Basterebbe profondere pi\u00f9 impegno per il bene del gruppo consiliare, per consolidarlo e renderlo coeso, per il bene de Pd e soprattutto della nostra citt\u00e0. Da appartenente al gruppo consiliare del PD posso solo dire che corrisponde al falso quanto affermato dal capogruppo ovvero che alla conferenza stampa \u201c<em>era presente l\u2019intero gruppo consiliare del PD che decider\u00e0 il candidato Sindaco<\/em>\u201d. Solo una minima percentuale dei consiglieri appartenenti al gruppo del PD, compresi quelli appartenenti al gruppo \u201cCon Santarsiero per Potenza\u201d erano presenti all\u2019iniziativa mediatica finalizzata ad un non identificato scopo comunicativo e che poco ha a che vedere con la scelta del candidato sindaco che spetta non gi\u00e0 al gruppo consiliare bens\u00ec agli elettori della citt\u00e0 di Potenza, con le primarie prima e con le elezioni successivamente.<\/p>\n<p>E\u2019 chiaro ed evidente che esistono, per fortuna, visioni molto differenti della politica e dell\u2019attivit\u00e0 ad essa collegata la cui agenda non pu\u00f2 e non deve essere dettata da velleit\u00e0 ed ambizioni personali che, seppur legittime, rischiano di offuscare le prioritarie ragioni degli interessi esclusivi della citt\u00e0 e dei potentini.<\/p>\n<p>Ho sempre sostenuto che la scelta del prossimo candidato Sindaco non potr\u00e0 prescindere dal ricorso alla primarie, libere ed aperte, per le quali sarebbe auspicabile una proposta di sintesi da parte del gruppo consiliare e del partito cittadino attraverso una fase di confronto e dibattito assente ormai da troppo tempo e che andrebbe avviata nel pi\u00f9 breve tempo possibile anche al fine di ridare il giusto entusiasmo ad un gruppo fatto di consiglieri motivati, responsabili e che hanno a cuore il bene e gli interessi della nostra citt\u00e0.<\/p>\n<p>Evitiamo dunque attivit\u00e0 politica fine a se stessa e concentriamoci sulle questioni prioritarie da portare a termine in questo scorcio di consiliatura, che qualcuno erroneamente considera gi\u00e0 terminata, sui problemi, tanti, della nostra citt\u00e0 cui purtroppo non sempre riusciamo a dare risposte. Ci sono importanti questioni amministrative la cui definizione in tempi rapidi \u00e8 una scommessa che non possiamo rischiare di perdere, penso ad esempio agli oneri di urbanizzazione la cui riduzione \u00e8 stata unanimemente condivisa ma ancora non ratificata, al problema rifiuti, al trasporto pubblico o pi\u00f9 semplicemente al problema degli asili nido comunali e dei centri estivi la cui organizzazione per l\u2019imminente estate non \u00e8 ancora garantita. Su questi temi e su molti altri dovremmo ripiegarci e spendere ogni possibile azione per determinare momenti di comunicazione con i cittadini di Potenza.<\/p>\n<p>Utilizziamo questo ultimo anno di consiliatura per aprire un dibattito serio, franco e produttivo che consenta di ottimizzare il lavoro ancora da svolgere e di lascare tracce chiare e vie maestre precise per il futuro amministrativo della citt\u00e0 di Potenza evitando di perderci nella celebrazione di consigli comunali monotematici che a volte finiscono per essere repliche di film gi\u00e0 trasmessi e privi di obiettivi precisi.<\/p>\n","protected":false},"excerpt":{"rendered":"<p>Sento l\u2019esigenza di esprimere alcune considerazioni alla luce degli articoli di stampa pubblicati sui quotidiani locali nei giorni scorsi e relativi alla contemporaneit\u00e0 delle due &#8230; <\/p>\n","protected":false},"author":1,"featured_media":0,"comment_status":"closed","ping_status":"closed","sticky":false,"template":"single-sidebar.php","format":"standard","meta":{"footnotes":""},"categories":[384],"tags":[],"class_list":["post-7658","post","type-post","status-publish","format-standard","hentry","category-c243-comunicati-stampa-dei-consiglieri-243"],"_links":{"self":[{"href":"https:\/\/archivio.comune.potenza.it\/index.php?rest_route=\/wp\/v2\/posts\/7658"}],"collection":[{"href":"https:\/\/archivio.comune.potenza.it\/index.php?rest_route=\/wp\/v2\/posts"}],"about":[{"href":"https:\/\/archivio.comune.potenza.it\/index.php?rest_route=\/wp\/v2\/types\/post"}],"author":[{"embeddable":true,"href":"https:\/\/archivio.comune.potenza.it\/index.php?rest_route=\/wp\/v2\/users\/1"}],"replies":[{"embeddable":true,"href":"https:\/\/archivio.comune.potenza.it\/index.php?rest_route=%2Fwp%2Fv2%2Fcomments&post=7658"}],"version-history":[{"count":0,"href":"https:\/\/archivio.comune.potenza.it\/index.php?rest_route=\/wp\/v2\/posts\/7658\/revisions"}],"wp:attachment":[{"href":"https:\/\/archivio.comune.potenza.it\/index.php?rest_route=%2Fwp%2Fv2%2Fmedia&parent=7658"}],"wp:term":[{"taxonomy":"category","embeddable":true,"href":"https:\/\/archivio.comune.potenza.it\/index.php?rest_route=%2Fwp%2Fv2%2Fcategories&post=7658"},{"taxonomy":"post_tag","embeddable":true,"href":"https:\/\/archivio.comune.potenza.it\/index.php?rest_route=%2Fwp%2Fv2%2Ftags&post=7658"}],"curies":[{"name":"wp","href":"https:\/\/api.w.org\/{rel}","templated":true}]}}