{"id":7659,"date":"2013-06-17T08:29:07","date_gmt":"2013-06-17T06:29:07","guid":{"rendered":"http:\/\/archivio.comune.potenza.it\/comune_wp\/?p=7659"},"modified":"2013-06-17T08:29:07","modified_gmt":"2013-06-17T06:29:07","slug":"rocco-fiore-partito-democratico-problematiche-asili-nido","status":"publish","type":"post","link":"https:\/\/archivio.comune.potenza.it\/?p=7659","title":{"rendered":"Rocco Fiore (Partito Democratico): Problematiche Asili Nido"},"content":{"rendered":"<p>Alla luce dell\u2019incontro che si \u00e8 tenuto questa mattina tra le organizzazioni sindacali, gli operatori e l\u2019amministrazione comunale, cui non ero presente, mi pare che l\u2019unica soluzione possibile per garantire il servizio nido nei mesi estivi \u00e8 di prorogare quello che attualmente viene erogato nelle strutture comunali con le stesse modalit\u00e0 e costi sostenuti fini ad oggi. Per far questo \u00e8 necessaria una somma di poco superiore ad euro 240.000 e per la quale \u00e8 necessario sensibilizzare la Regione Basilicata ed il Dipartimento Sanit\u00e0 che ha sempre mostrato particolare attenzione su questi temi affinch\u00e9 nell\u2019assestamento di bilancio della massimo ente territoriale vengano inserite tali somme (non si tratta di un grosso importo) e garantita la continuazione di un servizio assolutamente essenziale per tantissime famiglie. Dal prossimo anno bisogner\u00e0 fare il possibile per strutturare il servizio di nido comunale su sull\u2019intero anno solare. Il prossimo 19 maggio \u00e8 stato convocato il Consiglio Comunale nella cui seduta sar\u00e0 discussa anche l\u2019interrogazione urgente presentata nei giorni scorsi dallo scrivente sulla questione asili nido e centri estivi, sarebbe dunque opportuno fissare al pomeriggio dello stesso giorno l\u2019annunciata assemblea dei genitori dei bimbi fruitori del servizio.<\/p>\n<p>\u00a0<\/p>\n","protected":false},"excerpt":{"rendered":"<p>Alla luce dell\u2019incontro che si \u00e8 tenuto questa mattina tra le organizzazioni sindacali, gli operatori e l\u2019amministrazione comunale, cui non ero presente, mi pare che &#8230; <\/p>\n","protected":false},"author":1,"featured_media":0,"comment_status":"closed","ping_status":"closed","sticky":false,"template":"single-sidebar.php","format":"standard","meta":{"footnotes":""},"categories":[384],"tags":[],"class_list":["post-7659","post","type-post","status-publish","format-standard","hentry","category-c243-comunicati-stampa-dei-consiglieri-243"],"_links":{"self":[{"href":"https:\/\/archivio.comune.potenza.it\/index.php?rest_route=\/wp\/v2\/posts\/7659"}],"collection":[{"href":"https:\/\/archivio.comune.potenza.it\/index.php?rest_route=\/wp\/v2\/posts"}],"about":[{"href":"https:\/\/archivio.comune.potenza.it\/index.php?rest_route=\/wp\/v2\/types\/post"}],"author":[{"embeddable":true,"href":"https:\/\/archivio.comune.potenza.it\/index.php?rest_route=\/wp\/v2\/users\/1"}],"replies":[{"embeddable":true,"href":"https:\/\/archivio.comune.potenza.it\/index.php?rest_route=%2Fwp%2Fv2%2Fcomments&post=7659"}],"version-history":[{"count":0,"href":"https:\/\/archivio.comune.potenza.it\/index.php?rest_route=\/wp\/v2\/posts\/7659\/revisions"}],"wp:attachment":[{"href":"https:\/\/archivio.comune.potenza.it\/index.php?rest_route=%2Fwp%2Fv2%2Fmedia&parent=7659"}],"wp:term":[{"taxonomy":"category","embeddable":true,"href":"https:\/\/archivio.comune.potenza.it\/index.php?rest_route=%2Fwp%2Fv2%2Fcategories&post=7659"},{"taxonomy":"post_tag","embeddable":true,"href":"https:\/\/archivio.comune.potenza.it\/index.php?rest_route=%2Fwp%2Fv2%2Ftags&post=7659"}],"curies":[{"name":"wp","href":"https:\/\/api.w.org\/{rel}","templated":true}]}}