{"id":7725,"date":"2013-06-27T07:58:08","date_gmt":"2013-06-27T05:58:08","guid":{"rendered":"http:\/\/archivio.comune.potenza.it\/comune_wp\/?p=7725"},"modified":"2013-06-27T07:58:08","modified_gmt":"2013-06-27T05:58:08","slug":"rocco-fiore-partito-democratico-parco-dell-europa-unita","status":"publish","type":"post","link":"https:\/\/archivio.comune.potenza.it\/?p=7725","title":{"rendered":"Rocco Fiore (Partito Democratico): Parco dell&#8217;Europa Unita"},"content":{"rendered":"<p>Ho presentato questa mattina un\u2019interrogazione urgente per chiedere all\u2019Amministrazione Comunale quali azioni fossero in essere o si intenda intraprendere per riqualificare quanto prima l\u2019area ludica del Parco dell\u2019Europa Unita nel rione Poggio tre Galli.<\/p>\n<p>Si tratta di uno dei parchi pi\u00f9 frequentati della citt\u00e0 nella cui parte terminale \u00e8 situato uno spazio giochi che versa in cattive condizione con la presenza di un\u2019unica struttura di gioco particolarmente vetusta e rovinata.<\/p>\n<p>Avendo appreso da parte dell\u2019Amministrazione Comunale della presenza in bilancio di somme utilizzabili per tali scopi si ritiene assolutamente urgente provvedere a rendere dignitosa, idonea e maggiormente fruibile l\u2019area ludica del bel parco cittadino che soprattutto nel periodo estivo registra la presenza di centinaia di bambini.<\/p>\n","protected":false},"excerpt":{"rendered":"<p>Ho presentato questa mattina un\u2019interrogazione urgente per chiedere all\u2019Amministrazione Comunale quali azioni fossero in essere o si intenda intraprendere per riqualificare quanto prima l\u2019area ludica &#8230; <\/p>\n","protected":false},"author":1,"featured_media":0,"comment_status":"closed","ping_status":"closed","sticky":false,"template":"single-sidebar.php","format":"standard","meta":{"footnotes":""},"categories":[384],"tags":[],"class_list":["post-7725","post","type-post","status-publish","format-standard","hentry","category-c243-comunicati-stampa-dei-consiglieri-243"],"_links":{"self":[{"href":"https:\/\/archivio.comune.potenza.it\/index.php?rest_route=\/wp\/v2\/posts\/7725"}],"collection":[{"href":"https:\/\/archivio.comune.potenza.it\/index.php?rest_route=\/wp\/v2\/posts"}],"about":[{"href":"https:\/\/archivio.comune.potenza.it\/index.php?rest_route=\/wp\/v2\/types\/post"}],"author":[{"embeddable":true,"href":"https:\/\/archivio.comune.potenza.it\/index.php?rest_route=\/wp\/v2\/users\/1"}],"replies":[{"embeddable":true,"href":"https:\/\/archivio.comune.potenza.it\/index.php?rest_route=%2Fwp%2Fv2%2Fcomments&post=7725"}],"version-history":[{"count":0,"href":"https:\/\/archivio.comune.potenza.it\/index.php?rest_route=\/wp\/v2\/posts\/7725\/revisions"}],"wp:attachment":[{"href":"https:\/\/archivio.comune.potenza.it\/index.php?rest_route=%2Fwp%2Fv2%2Fmedia&parent=7725"}],"wp:term":[{"taxonomy":"category","embeddable":true,"href":"https:\/\/archivio.comune.potenza.it\/index.php?rest_route=%2Fwp%2Fv2%2Fcategories&post=7725"},{"taxonomy":"post_tag","embeddable":true,"href":"https:\/\/archivio.comune.potenza.it\/index.php?rest_route=%2Fwp%2Fv2%2Ftags&post=7725"}],"curies":[{"name":"wp","href":"https:\/\/api.w.org\/{rel}","templated":true}]}}