{"id":7727,"date":"2013-06-27T08:06:06","date_gmt":"2013-06-27T06:06:06","guid":{"rendered":"http:\/\/archivio.comune.potenza.it\/comune_wp\/?p=7727"},"modified":"2013-06-27T08:06:06","modified_gmt":"2013-06-27T06:06:06","slug":"nicola-becce-popolo-della-liberta-piano-trasporti","status":"publish","type":"post","link":"https:\/\/archivio.comune.potenza.it\/?p=7727","title":{"rendered":"Nicola Becce (Popolo della Libert\u00e0): Piano trasporti"},"content":{"rendered":"<p>Almeno nelle intenzioni dell&#8217;Amministrazione comunale e dell&#8217;assessore Ginefra con il nuovo sistema dei trasporti in citt\u00e0 doveva avvenire una sorta di rivoluzione copernicana. Mobilit\u00e0 su gomma, verticale, integrata. Insomma mille modi per lasciare l&#8217;auto e utilizzare i mezzi pubblici. Il miraggio per una citt\u00e0 come Potenza. Ma il <strong>Piano di esercizio \u00e8 rimasto parzialmente attuato e da gennaio \u2013 data fatidica della falsa partenza \u2013 i cittadini si sono dovuti bere (?) la favoletta inventata ad arte dall&#8217;Amministrazione: <\/strong>acquisita la disponibilit\u00e0 delle nuove strutture ed effettuate anche le verifiche ed i controlli imposti dalla normativa si \u00e8 reso necessario in quanto\u00a0\u00e8 emersa forte l&#8217;istanza legittima dei potentini di essere informati delle novit\u00e0 contenute nel programma di esercizio. Un modo per palaesare il fallimento di scelte avversate e mal digerite, di falle incredibili ed assurde superficialit\u00e0. La fotografia di una citt\u00e0 dove si spendono milioni di euro all&#8217;anno per la mobilit\u00e0 senza per\u00f2 mai trovare il consenso e la soddisfazione da parte dell&#8217;utenza. E allora gi\u00e0 in tempi non sospetti ho provato a far presente le diverse difficolt\u00e0 segnalate dai cittadini e lamentate ad ogni angolo della citt\u00e0 da studenti, pensionati, fruitori quotidiani dei mezzi. Anzitutto: le lamentele dei residenti nelle zone rurali, collegamenti assurdi per rioni come Poggio Tre Galli o Macchia Romana, fino ad un&#8217;ora per raggiungere l&#8217;ufficio dovendo contare sul bus e poi sulle scale mobili. Insomma un vero e proprio papocchio rispetto al quale \u00e8 necessaria una modifica della delibera di giunta. Ma il punto adesso, a distanza di cinque mesi, l&#8217;interrogativo \u00e8: qualcosa si \u00e8 mosso? Sono stati compresi e corretti gli errori in fase di progettazione? Si \u00e8 dato ascolto alle legittime istanze provenienti da diversi rioni e scuole? Cosa succeder\u00e0 con l&#8217;avvio del nuovo anno scolastico? Si \u00e8 corretto qualcosa sul fronte delle categorie protette, di ciechi ed ipovedenti che pure hanno segnalato enormi difficolt\u00e0? Difficile comprendere se e come dopo l&#8217;estate qualcosa si sar\u00e0 mosso. L&#8217;Amministrazione \u2013 tra richiami elettorali e distrazioni varie \u2013 continua a galleggiare in vista dell&#8217;ultimo anno di consiliatura. Il bilancio della mobilit\u00e0 e di una citt\u00e0 sempre pi\u00f9 ostaggio delle auto e poco attraente dal punto di vista dei mezzi pubblici \u00e8 disastroso. Meditino i cittadini di Potenza quando saranno chiamati a confermare o meno il centrosinistra alla guida della citt\u00e0.<\/p>\n<p>\u00a0<\/p>\n<p>\u00a0<\/p>\n<p>\u00a0<\/p>\n","protected":false},"excerpt":{"rendered":"<p>Almeno nelle intenzioni dell&#8217;Amministrazione comunale e dell&#8217;assessore Ginefra con il nuovo sistema dei trasporti in citt\u00e0 doveva avvenire una sorta di rivoluzione copernicana. Mobilit\u00e0 su &#8230; <\/p>\n","protected":false},"author":1,"featured_media":0,"comment_status":"closed","ping_status":"closed","sticky":false,"template":"single-sidebar.php","format":"standard","meta":{"footnotes":""},"categories":[384],"tags":[],"class_list":["post-7727","post","type-post","status-publish","format-standard","hentry","category-c243-comunicati-stampa-dei-consiglieri-243"],"_links":{"self":[{"href":"https:\/\/archivio.comune.potenza.it\/index.php?rest_route=\/wp\/v2\/posts\/7727"}],"collection":[{"href":"https:\/\/archivio.comune.potenza.it\/index.php?rest_route=\/wp\/v2\/posts"}],"about":[{"href":"https:\/\/archivio.comune.potenza.it\/index.php?rest_route=\/wp\/v2\/types\/post"}],"author":[{"embeddable":true,"href":"https:\/\/archivio.comune.potenza.it\/index.php?rest_route=\/wp\/v2\/users\/1"}],"replies":[{"embeddable":true,"href":"https:\/\/archivio.comune.potenza.it\/index.php?rest_route=%2Fwp%2Fv2%2Fcomments&post=7727"}],"version-history":[{"count":0,"href":"https:\/\/archivio.comune.potenza.it\/index.php?rest_route=\/wp\/v2\/posts\/7727\/revisions"}],"wp:attachment":[{"href":"https:\/\/archivio.comune.potenza.it\/index.php?rest_route=%2Fwp%2Fv2%2Fmedia&parent=7727"}],"wp:term":[{"taxonomy":"category","embeddable":true,"href":"https:\/\/archivio.comune.potenza.it\/index.php?rest_route=%2Fwp%2Fv2%2Fcategories&post=7727"},{"taxonomy":"post_tag","embeddable":true,"href":"https:\/\/archivio.comune.potenza.it\/index.php?rest_route=%2Fwp%2Fv2%2Ftags&post=7727"}],"curies":[{"name":"wp","href":"https:\/\/api.w.org\/{rel}","templated":true}]}}