{"id":7728,"date":"2013-06-27T08:07:12","date_gmt":"2013-06-27T06:07:12","guid":{"rendered":"http:\/\/archivio.comune.potenza.it\/comune_wp\/?p=7728"},"modified":"2013-06-27T08:07:12","modified_gmt":"2013-06-27T06:07:12","slug":"nicola-becce-popolo-della-liberta-elezioni-potenza","status":"publish","type":"post","link":"https:\/\/archivio.comune.potenza.it\/?p=7728","title":{"rendered":"Nicola Becce (Popolo della Libert\u00e0): Elezioni Potenza"},"content":{"rendered":"<p>Manco un anno, mese pi\u00f9 mese meno, per l\u2019elezioni del rinnovo del Consiglio Comunale della Citt\u00e0 di Potenza, anche se non ancora si vede possiamo affermare che siamo gi\u00e0 in una fase pre elettorale. Infatti basta osservare gli spostamenti interni al socio di maggioranza di questa inefficiente amministrazione per capirlo. Ovviamente parlo del Partito Democratico e del fermento che si sta creando internamente ma tutto e solo e soltanto per un posto al sole e qualche posto nel sotto governo comunale. Un errore che il Popolo della Libert\u00e0 non fa e non far\u00e0 mai. Per principio non sono contro le primarie &#8211; quelle vere &#8211; ma non le credo la panacea della politica, sopratutto quando sono un metodo per legittimare quello che gi\u00e0 ci sta. Credo invece nelle scelte della politica, nelle formazioni delle liste aperte, nella sintesi tra societ\u00e0 e partiti che una lista deve rappresentare.<\/p>\n<p>Cos\u00ec non mi appassiona lo scontro \u201cvecchio\u201d e nuovo oppure rottamatori e conservatori. Spesso sono soltanto etichette vuote ed in Basilicata specie nel centrosinistra sono solo camuffamenti di una oligarchia autoreferenziale. Personalmente nel mio partito &#8211; PdL &#8211;\u00a0 sosterr\u00f2 alcune precise linee che posso racchiudere in 3 lemmi Meritocrazia; Militanza; Societ\u00e0 Civile.<\/p>\n<p>Meritocrazia perch\u00e9 a chi ha ben operato nelle istituzioni \u00e8 giusto che venga rinnovato la possibilit\u00e0 di potersi candidare a tutti i livelli, poi saranno gli elettori a decidere se \u00e8 meritevole oppure no; inoltre per un buon funzionamento di un gruppo consiliare si ha sempre la necessit\u00e0 dell\u2019esperienza nella cosa pubblica e della conoscenza dei meccanismi della cosa pubblica acquisite sul campo.<\/p>\n<p>Militanza dato che \u00e8 giusto ed etico dare la possibilit\u00e0 di concorrere alle elezioni a chi con sacrificio e passione abbia lavorato in un partito. Societ\u00e0 civile perch\u00e9 un partito deve avere la capacit\u00e0 di aprirsi ed anche sostenere vere candidature esterne con veri candidati che realmente abbiano lavorato nel mondo dell\u2019impresa, nel sociale, nell\u2019associazionismo o nella attivit\u00e0 culturale.<\/p>\n<p>Sono un inguaribile romantico ed un ottimista di indole e credo che ci pu\u00f2 essere la possibilit\u00e0 di vittoria a Potenza per il centrodestra e sono convinto che queste tre condizioni possano aiutare per quell\u2019ambito traguardo e\u00a0 dare a Potenza ed ai Potentini una nuova e migliore amministrazione.<\/p>\n","protected":false},"excerpt":{"rendered":"<p>Manco un anno, mese pi\u00f9 mese meno, per l\u2019elezioni del rinnovo del Consiglio Comunale della Citt\u00e0 di Potenza, anche se non ancora si vede possiamo &#8230; <\/p>\n","protected":false},"author":1,"featured_media":0,"comment_status":"closed","ping_status":"closed","sticky":false,"template":"single-sidebar.php","format":"standard","meta":{"footnotes":""},"categories":[384],"tags":[],"class_list":["post-7728","post","type-post","status-publish","format-standard","hentry","category-c243-comunicati-stampa-dei-consiglieri-243"],"_links":{"self":[{"href":"https:\/\/archivio.comune.potenza.it\/index.php?rest_route=\/wp\/v2\/posts\/7728"}],"collection":[{"href":"https:\/\/archivio.comune.potenza.it\/index.php?rest_route=\/wp\/v2\/posts"}],"about":[{"href":"https:\/\/archivio.comune.potenza.it\/index.php?rest_route=\/wp\/v2\/types\/post"}],"author":[{"embeddable":true,"href":"https:\/\/archivio.comune.potenza.it\/index.php?rest_route=\/wp\/v2\/users\/1"}],"replies":[{"embeddable":true,"href":"https:\/\/archivio.comune.potenza.it\/index.php?rest_route=%2Fwp%2Fv2%2Fcomments&post=7728"}],"version-history":[{"count":0,"href":"https:\/\/archivio.comune.potenza.it\/index.php?rest_route=\/wp\/v2\/posts\/7728\/revisions"}],"wp:attachment":[{"href":"https:\/\/archivio.comune.potenza.it\/index.php?rest_route=%2Fwp%2Fv2%2Fmedia&parent=7728"}],"wp:term":[{"taxonomy":"category","embeddable":true,"href":"https:\/\/archivio.comune.potenza.it\/index.php?rest_route=%2Fwp%2Fv2%2Fcategories&post=7728"},{"taxonomy":"post_tag","embeddable":true,"href":"https:\/\/archivio.comune.potenza.it\/index.php?rest_route=%2Fwp%2Fv2%2Ftags&post=7728"}],"curies":[{"name":"wp","href":"https:\/\/api.w.org\/{rel}","templated":true}]}}