{"id":7731,"date":"2013-06-27T08:20:59","date_gmt":"2013-06-27T06:20:59","guid":{"rendered":"http:\/\/archivio.comune.potenza.it\/comune_wp\/?p=7731"},"modified":"2013-06-27T08:20:59","modified_gmt":"2013-06-27T06:20:59","slug":"nicola-becce-popolo-della-liberta-servizio-sms-negli-asili-nido","status":"publish","type":"post","link":"https:\/\/archivio.comune.potenza.it\/?p=7731","title":{"rendered":"Nicola Becce (Popolo della Libert\u00e0): Servizio sms negli Asili Nido"},"content":{"rendered":"<p>Ho protocollato un\u2019interrogazione riguardante l\u2019adozione negli asili nido di tecnologie per inviare sms alle famiglie quando il bambino \u00e8 assente.<\/p>\n<p>Senza alcuna retorica, la proposta \u00e8 nata pensando alla tragedia successa lo scorso 4 giugno a Piacenza ossia la morte del piccolo Luca, deceduto perch\u00e9 dimenticato dal padre nell\u2019abitacolo dell\u2019auto per 8 ore.<\/p>\n<p>Visto che purtroppo il caso di Luca non \u00e8 un incidente isolato bens\u00ec una vicenda di cui ogni anno veniamo a conoscenza e che \u00e8 profondamente legato allo stress a cui i genitori sono sottoposti per i molteplici impegni quotidiani.<\/p>\n<p>Detto questo e considerato\u00a0 che in alcune scuole medie inferiori e superiori\u00a0potentine e della Provincia \u00e8 gi\u00e0 stata avviata una sperimentazione tecnologica che prevede l\u2019invio di un sms ai genitori degli alunni per avvisare delle assenze dei figli, la mia interpellanza impegna il Sindaco della Citt\u00e0 di Potenza e la sua giunta all\u2019adozione anche negli asili nido potentini di un sistema tecnologico volto ad inviare un sms a genitori oppure parenti ogni qual volta il bambino fosse assente senza preavviso. Questo sistema potrebbe essere un importante strumento per evitare che altre vicende come il caso di Luca si verifichino ancora.<\/p>\n","protected":false},"excerpt":{"rendered":"<p>Ho protocollato un\u2019interrogazione riguardante l\u2019adozione negli asili nido di tecnologie per inviare sms alle famiglie quando il bambino \u00e8 assente. Senza alcuna retorica, la proposta &#8230; <\/p>\n","protected":false},"author":1,"featured_media":0,"comment_status":"closed","ping_status":"closed","sticky":false,"template":"single-sidebar.php","format":"standard","meta":{"footnotes":""},"categories":[384],"tags":[],"class_list":["post-7731","post","type-post","status-publish","format-standard","hentry","category-c243-comunicati-stampa-dei-consiglieri-243"],"_links":{"self":[{"href":"https:\/\/archivio.comune.potenza.it\/index.php?rest_route=\/wp\/v2\/posts\/7731"}],"collection":[{"href":"https:\/\/archivio.comune.potenza.it\/index.php?rest_route=\/wp\/v2\/posts"}],"about":[{"href":"https:\/\/archivio.comune.potenza.it\/index.php?rest_route=\/wp\/v2\/types\/post"}],"author":[{"embeddable":true,"href":"https:\/\/archivio.comune.potenza.it\/index.php?rest_route=\/wp\/v2\/users\/1"}],"replies":[{"embeddable":true,"href":"https:\/\/archivio.comune.potenza.it\/index.php?rest_route=%2Fwp%2Fv2%2Fcomments&post=7731"}],"version-history":[{"count":0,"href":"https:\/\/archivio.comune.potenza.it\/index.php?rest_route=\/wp\/v2\/posts\/7731\/revisions"}],"wp:attachment":[{"href":"https:\/\/archivio.comune.potenza.it\/index.php?rest_route=%2Fwp%2Fv2%2Fmedia&parent=7731"}],"wp:term":[{"taxonomy":"category","embeddable":true,"href":"https:\/\/archivio.comune.potenza.it\/index.php?rest_route=%2Fwp%2Fv2%2Fcategories&post=7731"},{"taxonomy":"post_tag","embeddable":true,"href":"https:\/\/archivio.comune.potenza.it\/index.php?rest_route=%2Fwp%2Fv2%2Ftags&post=7731"}],"curies":[{"name":"wp","href":"https:\/\/api.w.org\/{rel}","templated":true}]}}