{"id":7733,"date":"2013-06-27T08:23:40","date_gmt":"2013-06-27T06:23:40","guid":{"rendered":"http:\/\/archivio.comune.potenza.it\/comune_wp\/?p=7733"},"modified":"2013-06-27T08:23:40","modified_gmt":"2013-06-27T06:23:40","slug":"gianpaolo-carretta-partito-democratico-allagamenti-in-citta","status":"publish","type":"post","link":"https:\/\/archivio.comune.potenza.it\/?p=7733","title":{"rendered":"Gianpaolo Carretta (Partito Democratico): Allagamenti in citt\u00e0"},"content":{"rendered":"<p>La discussione tenutasi nella Quarta Commissione Consiliare, con la presenza dell&#8217;Assessore alla Viabilit\u00e0, sugli allagamenti avvenuti in citt\u00e0 nei giorni scorsi, ha condotto all&#8217;impegno per una tempestiva risoluzione della problematica, affinch\u00e9 non si ripetano i disagi dovuti alla difficolt\u00e0 del deflusso delle acque piovane, con conseguenti difficolt\u00e0 per i cittadini.<\/p>\n<p>L\u2019Assessore alla Viabilit\u00e0 ha ben spiegato, come il suo ufficio, gi\u00e0 per\u00f2 da due anni, aveva tempestivamente segnalato per iscritto all&#8217;Acta, la mancata pulizia delle condutture, con relativa ostruzione delle caditoie, che non permette il normale scorrimento delle acque, e che \u00e8 giunto il momento di aprire un tavolo interistituzionale, al quale dovranno sedere Acta e Regione, per concordare interventi immediati, che potranno garantire, anche a lungo termine, un normale scorrimento, in caso di temporali copiosi e violenti, piuttosto frequenti nella stagione estiva.<\/p>\n<p>L\u2019interesse dell\u2019Amministrazione comunale \u00e8 di risolvere ogni inconveniente al fine di garantire alla cittadinanza il minor numero possibile di disagi, ma, pur essendo iniziato il programma di manutenzione ordinaria delle strade, a cui si aggiunger\u00e0 a seguire un programma straordinario nelle zone ad alto flusso veicolare, gli allagamenti dei giorni scorsi non sono imputabili alle strade, bens\u00ec alla poca solerzia degli Enti terzi.<\/p>\n","protected":false},"excerpt":{"rendered":"<p>La discussione tenutasi nella Quarta Commissione Consiliare, con la presenza dell&#8217;Assessore alla Viabilit\u00e0, sugli allagamenti avvenuti in citt\u00e0 nei giorni scorsi, ha condotto all&#8217;impegno per &#8230; <\/p>\n","protected":false},"author":1,"featured_media":0,"comment_status":"closed","ping_status":"closed","sticky":false,"template":"single-sidebar.php","format":"standard","meta":{"footnotes":""},"categories":[384],"tags":[],"class_list":["post-7733","post","type-post","status-publish","format-standard","hentry","category-c243-comunicati-stampa-dei-consiglieri-243"],"_links":{"self":[{"href":"https:\/\/archivio.comune.potenza.it\/index.php?rest_route=\/wp\/v2\/posts\/7733"}],"collection":[{"href":"https:\/\/archivio.comune.potenza.it\/index.php?rest_route=\/wp\/v2\/posts"}],"about":[{"href":"https:\/\/archivio.comune.potenza.it\/index.php?rest_route=\/wp\/v2\/types\/post"}],"author":[{"embeddable":true,"href":"https:\/\/archivio.comune.potenza.it\/index.php?rest_route=\/wp\/v2\/users\/1"}],"replies":[{"embeddable":true,"href":"https:\/\/archivio.comune.potenza.it\/index.php?rest_route=%2Fwp%2Fv2%2Fcomments&post=7733"}],"version-history":[{"count":0,"href":"https:\/\/archivio.comune.potenza.it\/index.php?rest_route=\/wp\/v2\/posts\/7733\/revisions"}],"wp:attachment":[{"href":"https:\/\/archivio.comune.potenza.it\/index.php?rest_route=%2Fwp%2Fv2%2Fmedia&parent=7733"}],"wp:term":[{"taxonomy":"category","embeddable":true,"href":"https:\/\/archivio.comune.potenza.it\/index.php?rest_route=%2Fwp%2Fv2%2Fcategories&post=7733"},{"taxonomy":"post_tag","embeddable":true,"href":"https:\/\/archivio.comune.potenza.it\/index.php?rest_route=%2Fwp%2Fv2%2Ftags&post=7733"}],"curies":[{"name":"wp","href":"https:\/\/api.w.org\/{rel}","templated":true}]}}