{"id":7735,"date":"2013-06-27T08:30:26","date_gmt":"2013-06-27T06:30:26","guid":{"rendered":"http:\/\/archivio.comune.potenza.it\/comune_wp\/?p=7735"},"modified":"2013-06-27T08:30:26","modified_gmt":"2013-06-27T06:30:26","slug":"antonino-imbesi-popolo-della-liberta-serve-una-scossa-dalla-societa-civile","status":"publish","type":"post","link":"https:\/\/archivio.comune.potenza.it\/?p=7735","title":{"rendered":"Antonino Imbesi (Popolo della Libert\u00e0): Serve una scossa dalla societ\u00e0 civile"},"content":{"rendered":"<p>Il VicePresidente del Consiglio Comunale di Potenza, Antonino Imbesi, in una nota, ha comunicato di aver, gi\u00e0 da tempo, cominciato a sondare l\u2019opinione pubblica rispetto alle prossime amministrative (di novembre 2013 e maggio 2014) e di aver rilevato una forte esigenza di \u201criscossa\u201d e \u201cpartecipazione attiva\u201d proveniente dalla societ\u00e0 civile.<\/p>\n<p>&#8220;<em>Gi\u00e0 da diversi mesi sto incontrando professionisti, imprenditori, artigiani, ma anche impiegati, pensionati, disoccupati e semplici cittadini rilevando in tutti l\u2019esigenza di rifondare la politica lucana su nuovi canoni che guardino all\u2019impegno, alla meritocrazia ed, ovviamente, all\u2019etica.<\/em>\u2013 ha detto il VicePresidente \u2013 <em>Mentre le segreterie dei movimenti politici si arrovellano su come giustificare la discesa in campo di alcuni soggetti che l\u2019opinione pubblica ha gi\u00e0 da tempo bocciato per risultati e comportamenti, dall\u2019altro lato gli elettori avvertono la nuova esigenza di contare di pi\u00f9: tutti si sentono insoddisfatti dell\u2019attuale gestione dei partiti, lontana dai bisogni della gente comune e dalle necessit\u00e0 di mercato delle imprese e diretta solo al mantenimento degli status quo di pochissimi, e chiedono un forte coinvolgimento nelle future scelte, pronti anche a scendere direttamente in campo pur di cambiare questo opprimente stato di cose. Ormai tutti sono pienamente coscienti di aver delegato troppo e male e sono consci del fatto che, al contempo, a novembre si voter\u00e0 per un consesso legislativo e non per la rappresentanza di un condominio e che, quindi, che gli eventuali candidati dovranno avere le capacit\u00e0 e l\u2019esperienza per &lt;&lt;normare&lt;&lt; una nuova Basilicata, in questo senso distinguendosi da quanti, nei partiti, spesso continuano a candidare e, magari, a sostenere soggetti che sanno benissimo non possedere le doti necessarie.<\/em><em>\u201d<\/em><\/p>\n<p>Imbesi ha sottolineato che, perch\u00e9 la Basilicata possa uscire dallo stato comatoso in cui si trova oggi, \u00e8 estremamente necessario che la societ\u00e0 civile abbia un risveglio e dia una scossa a tutto il mondo politico.<\/p>\n<p>&#8220;<em>Ormai le persone che chiedono a gran voce un cambiamento son tante, tantissime ed a questi lucani \u00e8 necessario dare la giusta voce ed una guida adeguata. <\/em>\u2013 ha ribadito il Consigliere\u2013<em> La borghesia ed il popolo della Basilicata non possono e non vogliono pi\u00f9 restare inerti di fronte al costante depauperamento di valori e di idee a cui, da troppo tempo, tutta la politica \u00e8 soggetta! Ci vuole, indubbiamente, una levata di scudi, che deve rafforzare un nuovo modo di intendere la pubblica amministrazione, o, meglio, pretendere che l\u2019attivit\u00e0 amministrativa torni ad essere l\u2019arte del governo per rispondere alle reali esigenze della popolazione. Per far questo un folto gruppo di persone in queste settimane mi hanno fortemente invitato a sollecitare un cambiamento nei partiti ed anche ad incitare la nascita di liste di uomini della societ\u00e0 civile che possano permettere alla stessa di dire la propria nelle amministrazioni ed a contribuire al cambiamento! Per guidare la Basilicata e le sue citt\u00e0, in un momento di vacche magre, anzi magrissime, ci vogliono uomini competenti, con adeguata esperienza, con idee, non arroganti, disponibili e che abbiano ancora coscienza dell\u2019importanza dei valori etici\u00a0 e morali. <\/em>&#8220;<\/p>\n<p>Imbesi ha, quindi, invitato quanti ritengano di poter partecipare a questo cambiamento a farsi sentire.<\/p>\n<p>\u201c<em>Chiunque sia interessato a contribuire \u00e8 ben accetto<\/em><em>\u2026<\/em>&#8211; ha chiuso il VicePresidente \u2013 <em>Ormai non si pu\u00f2 pi\u00f9 derogare all\u2019esigenza di un cambiamento.\u201d<\/em><\/p>\n","protected":false},"excerpt":{"rendered":"<p>Il VicePresidente del Consiglio Comunale di Potenza, Antonino Imbesi, in una nota, ha comunicato di aver, gi\u00e0 da tempo, cominciato a sondare l\u2019opinione pubblica rispetto &#8230; <\/p>\n","protected":false},"author":1,"featured_media":0,"comment_status":"closed","ping_status":"closed","sticky":false,"template":"single-sidebar.php","format":"standard","meta":{"footnotes":""},"categories":[384],"tags":[],"class_list":["post-7735","post","type-post","status-publish","format-standard","hentry","category-c243-comunicati-stampa-dei-consiglieri-243"],"_links":{"self":[{"href":"https:\/\/archivio.comune.potenza.it\/index.php?rest_route=\/wp\/v2\/posts\/7735"}],"collection":[{"href":"https:\/\/archivio.comune.potenza.it\/index.php?rest_route=\/wp\/v2\/posts"}],"about":[{"href":"https:\/\/archivio.comune.potenza.it\/index.php?rest_route=\/wp\/v2\/types\/post"}],"author":[{"embeddable":true,"href":"https:\/\/archivio.comune.potenza.it\/index.php?rest_route=\/wp\/v2\/users\/1"}],"replies":[{"embeddable":true,"href":"https:\/\/archivio.comune.potenza.it\/index.php?rest_route=%2Fwp%2Fv2%2Fcomments&post=7735"}],"version-history":[{"count":0,"href":"https:\/\/archivio.comune.potenza.it\/index.php?rest_route=\/wp\/v2\/posts\/7735\/revisions"}],"wp:attachment":[{"href":"https:\/\/archivio.comune.potenza.it\/index.php?rest_route=%2Fwp%2Fv2%2Fmedia&parent=7735"}],"wp:term":[{"taxonomy":"category","embeddable":true,"href":"https:\/\/archivio.comune.potenza.it\/index.php?rest_route=%2Fwp%2Fv2%2Fcategories&post=7735"},{"taxonomy":"post_tag","embeddable":true,"href":"https:\/\/archivio.comune.potenza.it\/index.php?rest_route=%2Fwp%2Fv2%2Ftags&post=7735"}],"curies":[{"name":"wp","href":"https:\/\/api.w.org\/{rel}","templated":true}]}}