{"id":7736,"date":"2013-06-27T08:36:57","date_gmt":"2013-06-27T06:36:57","guid":{"rendered":"http:\/\/archivio.comune.potenza.it\/comune_wp\/?p=7736"},"modified":"2013-06-27T08:36:57","modified_gmt":"2013-06-27T06:36:57","slug":"salvatore-lacerra-mal-mpa-estate-tempo-di-tornei-corse-e-di-gare","status":"publish","type":"post","link":"https:\/\/archivio.comune.potenza.it\/?p=7736","title":{"rendered":"Salvatore Lacerra (MAL-MPA): Estate, tempo di tornei, corse e di gare."},"content":{"rendered":"<p>Da sempre l\u2019estate \u00e8 la stagione che ci riserva la maggior parte dei tornei, delle corse e delle gare, quest\u2019anno \u00e8 iniziata anche la gara della campagna elettorale. Non solo per le regionali ma anche per le comunali. Come per miracolo, tutti si sono svegliati, consiglieri, strateghi, untori di questo o di quello, dimostrando una presenza ed un attivismo a cui non eravamo abituati. La questione \u00e8 stucchevole e anacronistica, se solo si guarda a quello che accade nel paese. La crisi\u00a0 \u00e8\u00a0 tremenda, le persone vengono licenziate, le aziende chiudono con debiti, i piccoli imprenditori in preda al panico fanno gesti inconsulti\u00a0 ed alcuni continuano a ca\u2026.villare su chi debba essere il Presidente o il Sindaco. Peccato che non si parli di progetti, di idee, di scelte, di strategie e di prospettive da dare ad una Regione ed una Citt\u00e0, perch\u00e9 l\u2019agonia che da tempo la assale non la stronchi definitivamente. Tutti sanno che grazie alle royalty del petrolio, riusciamo a soddisfare la spesa corrente. Con le risorse straordinarie del petrolio teniamo in vita il sistema sanitario regionale, teniamo in piedi la Universit\u00e0, gli enti strumentali\u00a0 e via dicendo, sistemi che per\u00f2 non eccellono, anzi. Leggendo i giornali si apprende che per\u00f2 il fondo regionale di garanzia di 35 milioni di euro, fondo che attivato potrebbe dare ossigeno alla economia, di fatto \u00e8 bloccato; che nel solo 2013, ben\u00a0 282 attivit\u00e0 commerciali hanno chiuso;\u00a0 che nel 2012 si \u00e8 avuta una flessione di quasi il 18% del mercato immobiliare, che aumenta la disoccupazione e settori storici, quali l\u2019edilizia, sono al collasso, che i giovani scappano, che la regione si spopola. Se finanche i Vescovi sono costretti a \u201cprendere atto del disagio\u201d e chiedere di voltare pagina,\u00a0 allora occorre veramente cambiare.<\/p>\n<p>Il vero cambiamento per\u00f2 \u00e8 nei progetti, nelle idee, nelle scelte che siamo obbligati a fare, se decidiamo di sopravvivere. Poco importa chi \u00e8 il candidato presidente o il candidato sindaco, certo occorre coerenza: evitare di candidare gente che ha dimostrato di non valere e prima ancora ha dimostrato di non avere idee e programmi.\u00a0 Evitiamo\u00a0 di illudere chi non ha possibilit\u00e0 e di mettere in campo un numero di liste e di candidati spropositato, la\u00a0 frantumazione del voto\u00a0 non irrobustisce idee e partecipazione: aumenta solo la visione particolare.<\/p>\n<p>E\u2019 tempo di avvalersi di chi ha idee e progetti ed \u00e8 in grado di raccogliere la sfida del futuro.<\/p>\n<p>Ai lucani spetta la scelta, ma ai partiti spetta la responsabilit\u00e0 della proposta.<\/p>\n","protected":false},"excerpt":{"rendered":"<p>Da sempre l\u2019estate \u00e8 la stagione che ci riserva la maggior parte dei tornei, delle corse e delle gare, quest\u2019anno \u00e8 iniziata anche la gara &#8230; <\/p>\n","protected":false},"author":1,"featured_media":0,"comment_status":"closed","ping_status":"closed","sticky":false,"template":"single-sidebar.php","format":"standard","meta":{"footnotes":""},"categories":[384],"tags":[],"class_list":["post-7736","post","type-post","status-publish","format-standard","hentry","category-c243-comunicati-stampa-dei-consiglieri-243"],"_links":{"self":[{"href":"https:\/\/archivio.comune.potenza.it\/index.php?rest_route=\/wp\/v2\/posts\/7736"}],"collection":[{"href":"https:\/\/archivio.comune.potenza.it\/index.php?rest_route=\/wp\/v2\/posts"}],"about":[{"href":"https:\/\/archivio.comune.potenza.it\/index.php?rest_route=\/wp\/v2\/types\/post"}],"author":[{"embeddable":true,"href":"https:\/\/archivio.comune.potenza.it\/index.php?rest_route=\/wp\/v2\/users\/1"}],"replies":[{"embeddable":true,"href":"https:\/\/archivio.comune.potenza.it\/index.php?rest_route=%2Fwp%2Fv2%2Fcomments&post=7736"}],"version-history":[{"count":0,"href":"https:\/\/archivio.comune.potenza.it\/index.php?rest_route=\/wp\/v2\/posts\/7736\/revisions"}],"wp:attachment":[{"href":"https:\/\/archivio.comune.potenza.it\/index.php?rest_route=%2Fwp%2Fv2%2Fmedia&parent=7736"}],"wp:term":[{"taxonomy":"category","embeddable":true,"href":"https:\/\/archivio.comune.potenza.it\/index.php?rest_route=%2Fwp%2Fv2%2Fcategories&post=7736"},{"taxonomy":"post_tag","embeddable":true,"href":"https:\/\/archivio.comune.potenza.it\/index.php?rest_route=%2Fwp%2Fv2%2Ftags&post=7736"}],"curies":[{"name":"wp","href":"https:\/\/api.w.org\/{rel}","templated":true}]}}