{"id":7737,"date":"2013-06-27T09:17:18","date_gmt":"2013-06-27T07:17:18","guid":{"rendered":"http:\/\/archivio.comune.potenza.it\/comune_wp\/?p=7737"},"modified":"2013-06-27T09:17:18","modified_gmt":"2013-06-27T07:17:18","slug":"gianpaolo-carretta-partito-democratico-inaugurazione-sagrato-chiesa-ss-pietro-e-paolo","status":"publish","type":"post","link":"https:\/\/archivio.comune.potenza.it\/?p=7737","title":{"rendered":"Gianpaolo Carretta (Partito Democratico): Inaugurazione sagrato chiesa SS. Pietro e Paolo"},"content":{"rendered":"<p>Con l&#8217;inaugurazione di oggi del nuovo sagrato della Chiesa di San Pietro e Paolo al Rione Francioso si aggiunge un altro tassello al progetto di riqualificazione urbana della citt\u00e0 di Potenza.<\/p>\n<p>Questa volta i lavori hanno interessato un importante luogo di culto, che abbraccia una vasta comunit\u00e0 che accoglie numerose associazioni e tanti giovani, a cui \u00e8 stato restituito un piazzale completamente rinnovato, che torner\u00e0 ad essere centro di aggregazione e non pi\u00f9 parcheggio per autovetture.<\/p>\n<p>I lavori, effettuati su una superficie di 440 metri, hanno previsto, il rialzo dell&#8217;ingresso rispetto al piano stradale, la sistemazione idraulica, elettrica e della pavimentazione, la collocazione di fioriere e di pali di illuminazione e il recupero di dieci posti auto.<\/p>\n<p>Il Gruppo PD accoglie con soddisfazione questo nuovo intervento, frutto dell&#8217;impegno preso dall&#8217;Amministrazione comunale a rendere sempre pi\u00f9 vivibile la citt\u00e0 di Potenza, dalle periferie al centro storico.<\/p>\n","protected":false},"excerpt":{"rendered":"<p>Con l&#8217;inaugurazione di oggi del nuovo sagrato della Chiesa di San Pietro e Paolo al Rione Francioso si aggiunge un altro tassello al progetto di &#8230; <\/p>\n","protected":false},"author":1,"featured_media":0,"comment_status":"closed","ping_status":"closed","sticky":false,"template":"single-sidebar.php","format":"standard","meta":{"footnotes":""},"categories":[384],"tags":[],"class_list":["post-7737","post","type-post","status-publish","format-standard","hentry","category-c243-comunicati-stampa-dei-consiglieri-243"],"_links":{"self":[{"href":"https:\/\/archivio.comune.potenza.it\/index.php?rest_route=\/wp\/v2\/posts\/7737"}],"collection":[{"href":"https:\/\/archivio.comune.potenza.it\/index.php?rest_route=\/wp\/v2\/posts"}],"about":[{"href":"https:\/\/archivio.comune.potenza.it\/index.php?rest_route=\/wp\/v2\/types\/post"}],"author":[{"embeddable":true,"href":"https:\/\/archivio.comune.potenza.it\/index.php?rest_route=\/wp\/v2\/users\/1"}],"replies":[{"embeddable":true,"href":"https:\/\/archivio.comune.potenza.it\/index.php?rest_route=%2Fwp%2Fv2%2Fcomments&post=7737"}],"version-history":[{"count":0,"href":"https:\/\/archivio.comune.potenza.it\/index.php?rest_route=\/wp\/v2\/posts\/7737\/revisions"}],"wp:attachment":[{"href":"https:\/\/archivio.comune.potenza.it\/index.php?rest_route=%2Fwp%2Fv2%2Fmedia&parent=7737"}],"wp:term":[{"taxonomy":"category","embeddable":true,"href":"https:\/\/archivio.comune.potenza.it\/index.php?rest_route=%2Fwp%2Fv2%2Fcategories&post=7737"},{"taxonomy":"post_tag","embeddable":true,"href":"https:\/\/archivio.comune.potenza.it\/index.php?rest_route=%2Fwp%2Fv2%2Ftags&post=7737"}],"curies":[{"name":"wp","href":"https:\/\/api.w.org\/{rel}","templated":true}]}}