{"id":7767,"date":"2013-07-04T08:05:01","date_gmt":"2013-07-04T06:05:01","guid":{"rendered":"http:\/\/archivio.comune.potenza.it\/comune_wp\/?p=7767"},"modified":"2013-07-04T08:05:01","modified_gmt":"2013-07-04T06:05:01","slug":"antonino-imbesi-popolo-della-liberta-problema-biciclette-nel-centro-storico","status":"publish","type":"post","link":"https:\/\/archivio.comune.potenza.it\/?p=7767","title":{"rendered":"Antonino Imbesi (Popolo della Libert\u00e0): Problema biciclette nel centro storico"},"content":{"rendered":"<p>Il VicePresidente del Consiglio Comunale di Potenza, Antonino Imbesi, in una nota, ha comunicato di aver presentato una interpellanza urgente all\u2019attenzione del Sindaco e del Comandante della Polizia Municipale del Comune di Potenza in relazione alla problematica della circolazione di biciclette in via Pretoria.<\/p>\n<p>&#8220;<em>Molti cittadini in questi giorni mi hanno fatto presente un nuovo fenomeno poco edificante del centro storico dove con l&#8217;avvento della buona stagione estiva c&#8217;\u00e8 stato un proliferare di biciclette che scorrazzano a tutta velocit\u00e0 in via pretoria senza che venga effettuato alcun controllo&#8230;<\/em>\u2013 ha detto il VicePresidente \u2013 <em>Premesso che i ragazzi devono certamente avere delle aeree a propria disposizione, dove poter esprimere tutte le esigenze tipiche della loro tenera et\u00e0, mi pare, per\u00f2, che tale spazio non possa essere esattamente la via centrale della citt\u00e0 che invece \u00e8 una zona di passeggio pedonale\u2026<\/em><em>\u201d<\/em><\/p>\n<p>Imbesi ha sottolineato che sarebbe necessario emanare una qualche ordinanza per limitare tale fenomeno ed evitare che si facciano con le biciclette slalom a tutta velocit\u00e0 tra la gente..<\/p>\n<p>&#8220;<em>Bisogna capire che le scorribande in bicicletta non dovrebbero essere consentite in una via come quella centrale <\/em>\u2013 ha ribadito il Consigliere\u2013<em> perch\u00e9 possono essere anche pericolose, visto che a passeggio ci sono bimbi ed anziani..!<\/em>&#8220;.<\/p>\n<p>Imbesi ha, quindi, richiesto al Sindaco di intervenire prendendo in mano la situazione ed al Comandante dei Vigili Urbani di dare specifiche indicazioni al corpo di polizia urbana diretto.<\/p>\n<p>\u201c<em>Con un minimo di attenzione si potr\u00e0 facilmente attenuare il problema e rispondere al contempo alle lamentele dei cittadini che trovano la cosa decisamente inadatta ad una via pedonale<\/em><em>\u2026<\/em>&#8211; ha chiuso il VicePresidente \u2013 I<em>noltre per venire incontro alle esigenze anche dei bambini sarebbe pure ora che l&#8217;Amministrazione Comunale cominciasse a creare dei percorsi ciclabili!.<\/em><em>\u201d<\/em><\/p>\n","protected":false},"excerpt":{"rendered":"<p>Il VicePresidente del Consiglio Comunale di Potenza, Antonino Imbesi, in una nota, ha comunicato di aver presentato una interpellanza urgente all\u2019attenzione del Sindaco e del &#8230; <\/p>\n","protected":false},"author":1,"featured_media":0,"comment_status":"closed","ping_status":"closed","sticky":false,"template":"single-sidebar.php","format":"standard","meta":{"footnotes":""},"categories":[384],"tags":[],"class_list":["post-7767","post","type-post","status-publish","format-standard","hentry","category-c243-comunicati-stampa-dei-consiglieri-243"],"_links":{"self":[{"href":"https:\/\/archivio.comune.potenza.it\/index.php?rest_route=\/wp\/v2\/posts\/7767"}],"collection":[{"href":"https:\/\/archivio.comune.potenza.it\/index.php?rest_route=\/wp\/v2\/posts"}],"about":[{"href":"https:\/\/archivio.comune.potenza.it\/index.php?rest_route=\/wp\/v2\/types\/post"}],"author":[{"embeddable":true,"href":"https:\/\/archivio.comune.potenza.it\/index.php?rest_route=\/wp\/v2\/users\/1"}],"replies":[{"embeddable":true,"href":"https:\/\/archivio.comune.potenza.it\/index.php?rest_route=%2Fwp%2Fv2%2Fcomments&post=7767"}],"version-history":[{"count":0,"href":"https:\/\/archivio.comune.potenza.it\/index.php?rest_route=\/wp\/v2\/posts\/7767\/revisions"}],"wp:attachment":[{"href":"https:\/\/archivio.comune.potenza.it\/index.php?rest_route=%2Fwp%2Fv2%2Fmedia&parent=7767"}],"wp:term":[{"taxonomy":"category","embeddable":true,"href":"https:\/\/archivio.comune.potenza.it\/index.php?rest_route=%2Fwp%2Fv2%2Fcategories&post=7767"},{"taxonomy":"post_tag","embeddable":true,"href":"https:\/\/archivio.comune.potenza.it\/index.php?rest_route=%2Fwp%2Fv2%2Ftags&post=7767"}],"curies":[{"name":"wp","href":"https:\/\/api.w.org\/{rel}","templated":true}]}}