{"id":7780,"date":"2013-07-04T15:26:25","date_gmt":"2013-07-04T13:26:25","guid":{"rendered":"http:\/\/archivio.comune.potenza.it\/comune_wp\/?p=7780"},"modified":"2013-07-04T15:26:25","modified_gmt":"2013-07-04T13:26:25","slug":"becce-pdl-su-forza-italia","status":"publish","type":"post","link":"https:\/\/archivio.comune.potenza.it\/?p=7780","title":{"rendered":"Becce (Pdl) su Forza Italia"},"content":{"rendered":"<p style=\"text-align: justify;\">Lo ammetto a me Forza Italia piace e piace la proposta di Silvio Berlusconi di riportarla in vita.<span style=\"line-height: 1.3em;\">Nessuna nostalgia per\u00f2 attenzione, si tratta solo di riprendere un percorso politico che per mille motivi si stava perdendo cio\u00e8 rimettere quale priorit\u00e0 la sfida liberale: riequilibrare il rapporto tra lo Stato e i cittadini in netto favore dei cittadini, abbassare le tasse, snellire la burocrazia per restituire risorse alla famiglia ed alle imprese e tutelare le libert\u00e0 individuali contro qualsiasi prevaricazione pubblica o abuso di potere.<\/span><span style=\"line-height: 1.3em;\">Quindi nessun rimpianto o nostalgia del passato, perch\u00e9 il 94 ormai \u00e8 lontano, perch\u00e9 gli anni sono passati e perch\u00e9 siamo un movimento che guarda al futuro e sempre soltanto al futuro. Per\u00f2 di tratta di riprendere un progetto che si era arenato in un tentativo lodevole di costruire qualcosa di diverso ma che l\u2019opinione pubblica non ha premiato molto.<\/span><span style=\"line-height: 1.3em;\">Il nostro elettore vuole proposte, premia le idee, apprezza chi fa la politica con passione e professionalit\u00e0 ma non ama i professionisti della politica o gli \u201capparati\u201d burocratici dei partiti.\u00a0 Ora la sfida \u00e8 di costruire la Nuova Forza Italia dal basso, selezionando una nuova classe dirigente che crede nel riformismo moderno che \u00e8 nel Dna del centrodestra non del riformismo a chiacchiere del centrosinistra burocratico.<\/span><span style=\"line-height: 1.3em;\">I nostri elettori hanno sempre creduto e premiato un partito \u201cleggero\u201d dove contano pi\u00f9 i valori che le nomenclature, dove contano pi\u00f9 le idee che gli apparati. Per questo sono di \u201cForza Italia\u201d per mettere al centro \u201cgli uomini e le idee\u201d e far contare pi\u00f9 i valori etici e non l\u2019apparato come fanno nella cultura conservatrice delle sinistre italiane.<\/span><span style=\"line-height: 1.3em;\">Per questo aderisco con passione all\u2019idea del Presidente Berlusconi di avviare un movimento liberale che guidi il nuovo centrodestra Italiano, anzi che innovi e lo faccia crescere.<\/span><span style=\"line-height: 1.3em;\">Gli Italiani lo apprezzeranno perch\u00e9 non credono pi\u00f9 nei partiti ma credono nelle idee, non apprezzano gli organigrammi ma apprezzano i valori, non vogliono nomenclature ma chiedono fatti.<\/span><span style=\"line-height: 1.3em;\">Per questo sono favorevole a Forza Italia, quale unico movimento politico capace di trainare il centrodestra alla vittoria e faccio un appello agli amici liberali e di centrodestra di aderirvi perche ora \u00e8 il momento del \u201cFare\u201d e non di etichettarsi quali ex di qualcosa.\u00a0<\/span><\/p>\n","protected":false},"excerpt":{"rendered":"<p>Lo ammetto a me Forza Italia piace e piace la proposta di Silvio Berlusconi di riportarla in vita.Nessuna nostalgia per\u00f2 attenzione, si tratta solo di &#8230; <\/p>\n","protected":false},"author":1,"featured_media":0,"comment_status":"closed","ping_status":"closed","sticky":false,"template":"single-sidebar.php","format":"standard","meta":{"footnotes":""},"categories":[384],"tags":[],"class_list":["post-7780","post","type-post","status-publish","format-standard","hentry","category-c243-comunicati-stampa-dei-consiglieri-243"],"_links":{"self":[{"href":"https:\/\/archivio.comune.potenza.it\/index.php?rest_route=\/wp\/v2\/posts\/7780"}],"collection":[{"href":"https:\/\/archivio.comune.potenza.it\/index.php?rest_route=\/wp\/v2\/posts"}],"about":[{"href":"https:\/\/archivio.comune.potenza.it\/index.php?rest_route=\/wp\/v2\/types\/post"}],"author":[{"embeddable":true,"href":"https:\/\/archivio.comune.potenza.it\/index.php?rest_route=\/wp\/v2\/users\/1"}],"replies":[{"embeddable":true,"href":"https:\/\/archivio.comune.potenza.it\/index.php?rest_route=%2Fwp%2Fv2%2Fcomments&post=7780"}],"version-history":[{"count":0,"href":"https:\/\/archivio.comune.potenza.it\/index.php?rest_route=\/wp\/v2\/posts\/7780\/revisions"}],"wp:attachment":[{"href":"https:\/\/archivio.comune.potenza.it\/index.php?rest_route=%2Fwp%2Fv2%2Fmedia&parent=7780"}],"wp:term":[{"taxonomy":"category","embeddable":true,"href":"https:\/\/archivio.comune.potenza.it\/index.php?rest_route=%2Fwp%2Fv2%2Fcategories&post=7780"},{"taxonomy":"post_tag","embeddable":true,"href":"https:\/\/archivio.comune.potenza.it\/index.php?rest_route=%2Fwp%2Fv2%2Ftags&post=7780"}],"curies":[{"name":"wp","href":"https:\/\/api.w.org\/{rel}","templated":true}]}}