{"id":7802,"date":"2013-07-08T20:18:42","date_gmt":"2013-07-08T18:18:42","guid":{"rendered":"http:\/\/archivio.comune.potenza.it\/comune_wp\/?p=7802"},"modified":"2013-07-08T20:18:42","modified_gmt":"2013-07-08T18:18:42","slug":"carretta-pd-su-area-fermata-bus-basento","status":"publish","type":"post","link":"https:\/\/archivio.comune.potenza.it\/?p=7802","title":{"rendered":"Carretta (Pd) su area fermata bus Basento"},"content":{"rendered":"<p style=\"text-align: justify;\"><span class=\"s4\">\u00c8 finalmente entrato in funzione il tanto atteso Terminal Basento, la nuova area di fermata dei servizi di trasporto pubblico collettivo di linea.<\/span>Ricordiamo che il progetto, ben pi\u00f9 ampio, ha previsto la riqualificazione del piazzale antistante la stazione centrale e il suo collegamento con la zona di Viale del Basento, da una parte, attraverso un sottopassaggio, e gli impianti meccanizzati di risalita, dall\u2019altra, che offrono un miglior accesso fino alla zona centro.Dopo un primo periodo di assestamento, fino a quando tutti i cittadini saranno ben informati sulle partenza previste dal Terminal, quelle interregionali, e sulle partenza previste ancora da Piazza Zara, quelle regionali, siamo certi che si proceder\u00e0 nella direzione sperata, che vede la soluzione dei problemi di traffico cittadino e del sovraccarico di Piazza Zara, che finora aveva determinato il malcontento dei suoi abitanti.\u00c8 indubbio che tutte le criticit\u00e0 sollevate dalla cittadinanza verranno prese in considerazione, affinch\u00e9 si possano apportare le dovute modifiche, che migliorino e mettano a sistema il funzionamento del Terminal stesso.La citt\u00e0 di Potenza ha un ambizioso progetto di crescita, che mette ai primi posti dei suoi programmi quello sul trasporto pubblico, e grazie all&#8217;inaugurazione del nuovo Terminal e al suo piano urbano integrato, fatto di autobus, scale mobili e metropolitana, riuscir\u00e0 nell&#8217;intento di diventare una citt\u00e0 sempre pi\u00f9 all&#8217;avanguardia, con un sistema di trasporto sempre pi\u00f9 fruibile per i cittadini che far\u00e0 di Potenza una citt\u00e0 moderna allineata agli standard d\u2019Europa.<\/p>\n","protected":false},"excerpt":{"rendered":"<p>\u00c8 finalmente entrato in funzione il tanto atteso Terminal Basento, la nuova area di fermata dei servizi di trasporto pubblico collettivo di linea.Ricordiamo che il &#8230; <\/p>\n","protected":false},"author":1,"featured_media":0,"comment_status":"closed","ping_status":"closed","sticky":false,"template":"single-sidebar.php","format":"standard","meta":{"footnotes":""},"categories":[384],"tags":[],"class_list":["post-7802","post","type-post","status-publish","format-standard","hentry","category-c243-comunicati-stampa-dei-consiglieri-243"],"_links":{"self":[{"href":"https:\/\/archivio.comune.potenza.it\/index.php?rest_route=\/wp\/v2\/posts\/7802"}],"collection":[{"href":"https:\/\/archivio.comune.potenza.it\/index.php?rest_route=\/wp\/v2\/posts"}],"about":[{"href":"https:\/\/archivio.comune.potenza.it\/index.php?rest_route=\/wp\/v2\/types\/post"}],"author":[{"embeddable":true,"href":"https:\/\/archivio.comune.potenza.it\/index.php?rest_route=\/wp\/v2\/users\/1"}],"replies":[{"embeddable":true,"href":"https:\/\/archivio.comune.potenza.it\/index.php?rest_route=%2Fwp%2Fv2%2Fcomments&post=7802"}],"version-history":[{"count":0,"href":"https:\/\/archivio.comune.potenza.it\/index.php?rest_route=\/wp\/v2\/posts\/7802\/revisions"}],"wp:attachment":[{"href":"https:\/\/archivio.comune.potenza.it\/index.php?rest_route=%2Fwp%2Fv2%2Fmedia&parent=7802"}],"wp:term":[{"taxonomy":"category","embeddable":true,"href":"https:\/\/archivio.comune.potenza.it\/index.php?rest_route=%2Fwp%2Fv2%2Fcategories&post=7802"},{"taxonomy":"post_tag","embeddable":true,"href":"https:\/\/archivio.comune.potenza.it\/index.php?rest_route=%2Fwp%2Fv2%2Ftags&post=7802"}],"curies":[{"name":"wp","href":"https:\/\/api.w.org\/{rel}","templated":true}]}}