{"id":7850,"date":"2013-07-17T11:23:07","date_gmt":"2013-07-17T09:23:07","guid":{"rendered":"http:\/\/archivio.comune.potenza.it\/comune_wp\/?p=7850"},"modified":"2013-07-17T11:23:07","modified_gmt":"2013-07-17T09:23:07","slug":"giuseppe-molinari-gruppo-molinari-collegamenti-da-e-verso-la-basilicata","status":"publish","type":"post","link":"https:\/\/archivio.comune.potenza.it\/?p=7850","title":{"rendered":"Giuseppe Molinari (Gruppo Molinari): Collegamenti da e verso la Basilicata"},"content":{"rendered":"<p style=\"text-align: justify;\">\u201cApprendiamo dagli organi di informazione dell\u2019ennesimo disservizio di Trenitalia che continua a far penare gli utenti lucani con ritardi inaccettabili mentre chi dovrebbe vigilare in Regione \u00e8 puntualmente assente. E\u2019 cos\u00ec che la Basilicata e la citt\u00e0 di Potenza, capoluogo di regione, restano mete difficili da raggiungere, non solo con i treni\u201d.<span style=\"line-height: 1.3em;\">Lo afferma il consigliere comunale di Potenza Giuseppe Molinari commentando la notizia sulla disavventura di alcuni cittadini il cui viaggio con Trenitalia \u00e8 durato molto pi\u00f9 del previsto.<\/span><span style=\"line-height: 1.3em;\">\u00a0\u201cQuanto accaduto fa riemergere l\u2019antico problema dei collegamenti da e verso la Basilicata ed in particolare Potenza. La citt\u00e0 \u00e8 mal collegata anche per chi vuole raggiungerla in macchina viste le precarie condizioni della Basentana che, in alcuni tratti, \u00e8 a dir poco malridotta e addirittura in questi giorni chiusa ancora una volta per lavori ormai infiniti\u201d.<\/span><span style=\"line-height: 1.3em;\">\u00a0Secondo Molinari \u201cla situazione deve essere affrontata in maniera seria prendendo una posizione chiara da far valere ai tavoli nazionali sia con le Ferrovie dello Stato che con l\u2019Anas. Non \u00e8 possibile accettare ancora l\u2019isolamento della nostra regione e della nostra citt\u00e0 di Potenza dove la carenza di infrastrutture, al contrario di chi vuole sminuirne l\u2019importanza, disincentiva nuovi investimenti. L\u2019azione politica da mettere in campo deve servire ad aprire una vera e propria vertenza sulla questione collegamenti perch\u00e9 si rispettino i patti stipulati con Trenitalia al tavolo regionale e perch\u00e9 si dia nuovo impulso al miglioramento della viabilit\u00e0 sul territorio lucano\u201d.<\/span><span style=\"line-height: 1.3em;\">\u00a0\u201cCon la macchina, con il treno ma anche con i pullman i viaggiatori che partono da o arrivano a Potenza devono affrontare una piccola Odissea. Ne \u00e8 una prova \u2013continua Molinari- l\u2019ultimo lavoro portato a termine in citt\u00e0 e che potremmo definire di \u2018fantozziana memoria\u2019: il terminal di Viale del Basento dove si registrano difficolt\u00e0 per il transito dei pullman a due piani. Sarebbe interessante sapere quali ragionamenti sono stati fatti da chi ha dato il via libera all\u2019apertura di quest\u2019area riservata ai bus extraurbani. Nonostante non siano stati fatti appositi interventi per consentirne l\u2019accesso anche ai disabili, nonostante vi siano problemi legati anche alla sicurezza dei pedoni e nonostante la posizione del terminal provochi non pochi disagi alla circolazione \u00e8 stato dato l\u2019ok consentendone l\u2019apertura ed il suo funzionamento. Il terminal di Viale del Basento \u00e8 solo uno dei tanti esempi di come viene affrontata la questione collegamenti in regione ed a Potenza\u201d.\u00a0<\/span><span style=\"line-height: 1.3em;\">Molinari, concludendo, evidenzia \u201cla sordit\u00e0 di chi dovrebbe ascoltare di pi\u00f9 le esigenze e le problematiche di una comunit\u00e0 che sconta una solitudine in gran parte dovuta alla carenza di un sistema di trasporti da ormai troppi anni inadeguato\u201d.<\/span><\/p>\n<div class=\"attachmentsContainer\">\u00a0<\/div>\n<div id=\"close\">\u00a0<\/div>\n","protected":false},"excerpt":{"rendered":"<p>\u201cApprendiamo dagli organi di informazione dell\u2019ennesimo disservizio di Trenitalia che continua a far penare gli utenti lucani con ritardi inaccettabili mentre chi dovrebbe vigilare in &#8230; <\/p>\n","protected":false},"author":1,"featured_media":0,"comment_status":"closed","ping_status":"closed","sticky":false,"template":"single-sidebar.php","format":"standard","meta":{"footnotes":""},"categories":[384],"tags":[],"class_list":["post-7850","post","type-post","status-publish","format-standard","hentry","category-c243-comunicati-stampa-dei-consiglieri-243"],"_links":{"self":[{"href":"https:\/\/archivio.comune.potenza.it\/index.php?rest_route=\/wp\/v2\/posts\/7850"}],"collection":[{"href":"https:\/\/archivio.comune.potenza.it\/index.php?rest_route=\/wp\/v2\/posts"}],"about":[{"href":"https:\/\/archivio.comune.potenza.it\/index.php?rest_route=\/wp\/v2\/types\/post"}],"author":[{"embeddable":true,"href":"https:\/\/archivio.comune.potenza.it\/index.php?rest_route=\/wp\/v2\/users\/1"}],"replies":[{"embeddable":true,"href":"https:\/\/archivio.comune.potenza.it\/index.php?rest_route=%2Fwp%2Fv2%2Fcomments&post=7850"}],"version-history":[{"count":0,"href":"https:\/\/archivio.comune.potenza.it\/index.php?rest_route=\/wp\/v2\/posts\/7850\/revisions"}],"wp:attachment":[{"href":"https:\/\/archivio.comune.potenza.it\/index.php?rest_route=%2Fwp%2Fv2%2Fmedia&parent=7850"}],"wp:term":[{"taxonomy":"category","embeddable":true,"href":"https:\/\/archivio.comune.potenza.it\/index.php?rest_route=%2Fwp%2Fv2%2Fcategories&post=7850"},{"taxonomy":"post_tag","embeddable":true,"href":"https:\/\/archivio.comune.potenza.it\/index.php?rest_route=%2Fwp%2Fv2%2Ftags&post=7850"}],"curies":[{"name":"wp","href":"https:\/\/api.w.org\/{rel}","templated":true}]}}