{"id":7865,"date":"2013-07-20T09:35:19","date_gmt":"2013-07-20T07:35:19","guid":{"rendered":"http:\/\/archivio.comune.potenza.it\/comune_wp\/?p=7865"},"modified":"2013-07-20T09:35:19","modified_gmt":"2013-07-20T07:35:19","slug":"nicola-becce-popolo-della-liberta-riduzione-cosap","status":"publish","type":"post","link":"https:\/\/archivio.comune.potenza.it\/?p=7865","title":{"rendered":"Nicola Becce (Popolo della Libert\u00e0): Riduzione COSAP"},"content":{"rendered":"<p>Ad improvvisare spero si sbaglia, ed in politica succede sempre. Questo \u00e8 accaduto al capogruppo Pd al Comune di Potenza Giampaolo Caretta quando con boriosit\u00e0 ha sostenuto che bastavano i voti della maggioranza per far approvare la Cosap. Ma i fatti avvenuti nel Consiglio Comunale di oggi hanno dimostrato una cruda realt\u00e0: senza i voti dei consiglieri di minoranza il provvedimento non sarebbe stato approvato e gli esercenti\u00a0 non avrebbero avuto un vantaggio di pi\u00f9 basse tariffe.<\/p>\n<p>Questo comporta alcune riflessioni, la prima \u00e8 che per un\u2019istituzione o un\u2019organizzazione politica quanto maggiore e pi\u00f9 ampia \u00e8 la condivisione, pi\u00f9 facile \u00e8 far passare anche nel tessuto sociale una decisione.<\/p>\n<p>Ma per Caretta questo non conta, preferisce indovinare i risultati come quando si gioca a freccette, si butta e poi si conta; ma non \u00e8 politica.<\/p>\n<p>La seconda considerazione concernente il Consiglio Comunale di Potenza \u00e8 la sempre maggiore arroganza della maggioranza che per fatto strano quanto pi\u00f9 sono deboli tanto pi\u00f9 sono arroganti.<\/p>\n<p>La terza invece positiva \u00e8 che per l\u2019ennesima volta si dimostra la capacit\u00e0 di governo della minoranza abbinata ad un alto senso di responsabilit\u00e0 e di rispetto per istituzioni e cittadini. Infatti, quando \u00e8 stato necessario mai abbiamo dato un voto negativo su questioni che potevano portare benefici o vantaggi ai cittadini e\/o esercenti oppure un innalzamento della qualit\u00e0 della vita.<\/p>\n<p>Ultima considerazione: povera citt\u00e0 di Potenza che ha nei banchi della maggioranza degli apprendisti stregoni della politica. Sono sempre pi\u00f9 convinto che questa maggioranza di centrosinistra non \u00e8 capace neppure di svolgere il suo ruolo di forza di governo compatta ed al pi\u00f9 presto deve andarsene. A Caretta suggerisco invece di dimettersi dopo questo accaduto perch\u00e9 non \u00e8 capace di governare il suo gruppo.<\/p>\n<p>Dimenticavo: al capo gruppo dei Popolari Uniti che nel suo intervento ha dichiarato che alcuni consiglieri di avrebbero dovuto\u00a0 leggersi meglio il documento &#8211; cosa che non \u00e8 vero &#8211; era\u00a0 meglio che lui l\u2019avesse letto prima con pi\u00f9 attenzione, tanto \u00e8 vero che affannosamente lo leggeva in aula a nostra differenza che lo conoscevamo per bene a memoria e non abbiamo avuto necessit\u00e0 di portarlo in aula e leggerlo.<\/p>\n","protected":false},"excerpt":{"rendered":"<p>Ad improvvisare spero si sbaglia, ed in politica succede sempre. Questo \u00e8 accaduto al capogruppo Pd al Comune di Potenza Giampaolo Caretta quando con boriosit\u00e0 &#8230; <\/p>\n","protected":false},"author":1,"featured_media":0,"comment_status":"closed","ping_status":"closed","sticky":false,"template":"single-sidebar.php","format":"standard","meta":{"footnotes":""},"categories":[384],"tags":[],"class_list":["post-7865","post","type-post","status-publish","format-standard","hentry","category-c243-comunicati-stampa-dei-consiglieri-243"],"_links":{"self":[{"href":"https:\/\/archivio.comune.potenza.it\/index.php?rest_route=\/wp\/v2\/posts\/7865"}],"collection":[{"href":"https:\/\/archivio.comune.potenza.it\/index.php?rest_route=\/wp\/v2\/posts"}],"about":[{"href":"https:\/\/archivio.comune.potenza.it\/index.php?rest_route=\/wp\/v2\/types\/post"}],"author":[{"embeddable":true,"href":"https:\/\/archivio.comune.potenza.it\/index.php?rest_route=\/wp\/v2\/users\/1"}],"replies":[{"embeddable":true,"href":"https:\/\/archivio.comune.potenza.it\/index.php?rest_route=%2Fwp%2Fv2%2Fcomments&post=7865"}],"version-history":[{"count":0,"href":"https:\/\/archivio.comune.potenza.it\/index.php?rest_route=\/wp\/v2\/posts\/7865\/revisions"}],"wp:attachment":[{"href":"https:\/\/archivio.comune.potenza.it\/index.php?rest_route=%2Fwp%2Fv2%2Fmedia&parent=7865"}],"wp:term":[{"taxonomy":"category","embeddable":true,"href":"https:\/\/archivio.comune.potenza.it\/index.php?rest_route=%2Fwp%2Fv2%2Fcategories&post=7865"},{"taxonomy":"post_tag","embeddable":true,"href":"https:\/\/archivio.comune.potenza.it\/index.php?rest_route=%2Fwp%2Fv2%2Ftags&post=7865"}],"curies":[{"name":"wp","href":"https:\/\/api.w.org\/{rel}","templated":true}]}}