{"id":7878,"date":"2013-07-22T10:13:08","date_gmt":"2013-07-22T08:13:08","guid":{"rendered":"http:\/\/archivio.comune.potenza.it\/comune_wp\/?p=7878"},"modified":"2013-07-22T10:13:08","modified_gmt":"2013-07-22T08:13:08","slug":"gianpaolo-carretta-partito-democratico-potenza-2020-piano-investimenti-sulla-citta","status":"publish","type":"post","link":"https:\/\/archivio.comune.potenza.it\/?p=7878","title":{"rendered":"Gianpaolo Carretta (Partito Democratico): Potenza 2020 &#8211; Piano investimenti sulla citt\u00e0"},"content":{"rendered":"<p>La manifestazione che si terr\u00e0 oggi 22 luglio, alle ore 18, presso Piazza Duca della Verdura, organizzata dal PD Cittadino, dal Gruppo PD al Comune di Potenza e dal Sindaco Santarsiero, su \u201cPotenza 2020. Disegniamo il futuro della citt\u00e0\u201d, \u00e8 l&#8217;occasione per presentare il \u201cPiano di investimenti per la citt\u00e0 di Potenza\u201d, che riserver\u00e0 al capoluogo di regione ben 135 milioni di euro da poter destinare ad obiettivi strategici gi\u00e0 individuati, che condurranno e proietteranno la citt\u00e0 nel progetto di Potenza 2020.<\/p>\n<p>Questi fondi, frutto di risorse messe a disposizione dall&#8217;Europa, dal Ministero delle Infrastrutture, dalla Regione Basilicata e da partnership privata, saranno indirizzati verso gli aiuti alle imprese, l&#8217;edilizia sociale, la riqualificazione urbana, la Casa dello studente e la metropolitana.<\/p>\n<p>Tutti progetti di grande importanza, tra cui la realizzazione dei 360 alloggi di edilizia sociale, gran parte dei quali nel quartiere di Bucaletto e i rimanenti nel rione Francioso e nella cosiddetta zona G, che contribuir\u00e0 alla soluzione di numerose problematiche di natura sociale che caratterizzano la nostra periferia.<\/p>\n<p>Per quanto riguarda la Casa dello studente, si spera finalmente in una soluzione che privilegi la sua destinazione nell&#8217;edificio di via Cavour, che grazie alla vicinanza con il Polo di Macchia Romana e al grande progetto, previsto dal Pisus, che comporter\u00e0 il collegamento Polo universitario-centro storico attraverso una scala mobile, rimane il pi\u00f9 adatto ad ospitare una residenza universitaria.<\/p>\n<p>Infine, la metropolitana, una linea di superficie che deve incentivare l&#8217;uso dei mezzi pubblici, unitamente al servizio di trasporto pubblico espletato dai bus urbani e dagli impianti meccanizzati, in una prospettiva sinergica di razionalizzazione assoluta del servizio e dei costi e di innalzamento della qualit\u00e0 dello stesso.<\/p>\n<p>Questo Piano di investimenti per la citt\u00e0 sar\u00e0 dunque un ottimo punto di partenza per la riqualificazione della citt\u00e0 dal punto di vista non solo urbanistico, ma soprattutto sociale, per far ereditare ai nostri figli una \u201cPotenza 2020\u201d innovativa e all\u2019avanguardia.\u00a0 \u00a0\u00a0\u00a0\u00a0\u00a0\u00a0\u00a0\u00a0\u00a0\u00a0\u00a0<\/p>\n","protected":false},"excerpt":{"rendered":"<p>La manifestazione che si terr\u00e0 oggi 22 luglio, alle ore 18, presso Piazza Duca della Verdura, organizzata dal PD Cittadino, dal Gruppo PD al Comune &#8230; <\/p>\n","protected":false},"author":1,"featured_media":0,"comment_status":"closed","ping_status":"closed","sticky":false,"template":"single-sidebar.php","format":"standard","meta":{"footnotes":""},"categories":[384],"tags":[],"class_list":["post-7878","post","type-post","status-publish","format-standard","hentry","category-c243-comunicati-stampa-dei-consiglieri-243"],"_links":{"self":[{"href":"https:\/\/archivio.comune.potenza.it\/index.php?rest_route=\/wp\/v2\/posts\/7878"}],"collection":[{"href":"https:\/\/archivio.comune.potenza.it\/index.php?rest_route=\/wp\/v2\/posts"}],"about":[{"href":"https:\/\/archivio.comune.potenza.it\/index.php?rest_route=\/wp\/v2\/types\/post"}],"author":[{"embeddable":true,"href":"https:\/\/archivio.comune.potenza.it\/index.php?rest_route=\/wp\/v2\/users\/1"}],"replies":[{"embeddable":true,"href":"https:\/\/archivio.comune.potenza.it\/index.php?rest_route=%2Fwp%2Fv2%2Fcomments&post=7878"}],"version-history":[{"count":0,"href":"https:\/\/archivio.comune.potenza.it\/index.php?rest_route=\/wp\/v2\/posts\/7878\/revisions"}],"wp:attachment":[{"href":"https:\/\/archivio.comune.potenza.it\/index.php?rest_route=%2Fwp%2Fv2%2Fmedia&parent=7878"}],"wp:term":[{"taxonomy":"category","embeddable":true,"href":"https:\/\/archivio.comune.potenza.it\/index.php?rest_route=%2Fwp%2Fv2%2Fcategories&post=7878"},{"taxonomy":"post_tag","embeddable":true,"href":"https:\/\/archivio.comune.potenza.it\/index.php?rest_route=%2Fwp%2Fv2%2Ftags&post=7878"}],"curies":[{"name":"wp","href":"https:\/\/api.w.org\/{rel}","templated":true}]}}