{"id":7920,"date":"2013-07-30T06:40:10","date_gmt":"2013-07-30T04:40:10","guid":{"rendered":"http:\/\/archivio.comune.potenza.it\/comune_wp\/?p=7920"},"modified":"2013-07-30T06:40:10","modified_gmt":"2013-07-30T04:40:10","slug":"fernando-picerno-e-antonino-imbesi-popolo-della-liberta-la-crisi-in-giunta-e-l-occasione-per-ridurre-gli-assessori-valutazioni-su-acta","status":"publish","type":"post","link":"https:\/\/archivio.comune.potenza.it\/?p=7920","title":{"rendered":"Fernando Picerno e Antonino Imbesi (Popolo della Libert\u00e0): La crisi in Giunta \u00e8 l\u2019occasione per ridurre gli Assessori. Valutazioni su ACTA"},"content":{"rendered":"<p>Il VicePresidente del Consiglio Comunale di Potenza, Antonino Imbesi, ed il Capogruppo del PDL, Fernando Picerno, in una nota, hanno comunicato che le dimissioni dell\u2019Assessore Clementina La Sala, che hanno provocato la crisi della Giunta Municipale e reso ancora pi\u00f9 roventi i rapporti tra i maggiori partiti della Maggioranza di Centro-Sinistra in citt\u00e0, dovrebbe essere utilizzata come occasione per iniziare il tanto atteso e mai attuato piano di riduzione delle spese dei collaboratori del Sindaco.<\/p>\n<p>&#8220;<em>Dopo aver ringraziato comunque l\u2019Assessore La Sala per l\u2019attivit\u00e0 svolta a favore dell\u2019Amministrazione, indipendentemente dalla nostra valutazione molto critica dei risultati ottenuti durante la Sua gestione assessorile, <\/em>\u2013 ha detto il VicePresidente IMBESI \u2013 <em>non possiamo fare a meno di constatare che le accuse da Questa lanciate nei confronti della compagine di governo cittadino sono davvero serie e molto gravi. L\u2019ex Assessore, che adesso sieder\u00e0 in Consiglio per la sua prima volta da rappresentante del popolo, ha parlato di mancanza di collegialit\u00e0, di invasioni di campo facendo anche intendere, nemmeno velatamente, che nelle decisioni prese dalla Giunta Comunale mancasse la trasparenza, tanto da definirsi un &lt;&lt;coniglio uscito dal cilindro al momento giusto&gt;&gt;..!!<\/em>\u201d<\/p>\n<p>Il Capogruppo Picerno ha fatto presente che l\u2019attuale \u201cimpasse\u201d della Giunta dovrebbe essere motivo di riflessione all\u2019interno degli Organi Amministrativi della citt\u00e0 e dovrebbe portare alla riduzione, richiesta da tempo dal PDL, degli incarichi di Assessore.<\/p>\n<p>&#8220;<em>Io ed il Consigliere Imbesi <\/em>\u2013 ha detto Picerno \u2013 <em>abbiamo chiesto pi\u00f9 volte di ridurre il numero degli Assessori nel capoluogo lucano (il cui numero \u00e8 pi\u00f9 o meno uguale a quello della citt\u00e0 di Milano!!): eppure, fino ad oggi, nulla di concreto in questa direzione \u00e8 stato fatto dal Primo Cittadino\u2026 Questa inaspettata situazione potrebbe essere l\u2019occasione per avviare il processo di riforma e di riduzione dei costi: per questo motivo invitiamo il Sindaco non solo a non nominare un nuovo decimo Assessore ma addirittura a ridurre ulteriormente i Suoi Collaboratori&#8230;<\/em>\u201d<\/p>\n<p>Imbesi ha poi incentrato la sua attenzione sulle appena effettuate nomine dell\u2019ACTA facendo rilevare che il Sindaco ha proceduto ad effettuarle senza aver minimamente informato, in via preventiva, il Consiglio Comunale e, per quanto riguarda i revisori dei conti, senza rispettare i nuovi disposti normativi che invitano gli enti locali alla trasparenza pi\u00f9 totale con la estrazione dei componenti.<\/p>\n<p>&#8220;<em>Siamo contenti che il Sindaco abbia rimodulato il CDA Acta con componenti interni all\u2019Amministrazione in modo da ridurre finalmente i costi di gestione dell\u2019Azienda Comunale di Tutela Ambientale anche se nutriamo dubbi che i componenti del Consiglio di Amministrazione possano essere tutti e tre interni (la Legge stabilisce infatti indica un esterno e due interni\u2026).\u00a0 <\/em>\u2013 ha sottolineato Imbesi \u2013 <em>In relazione, poi, ai Revisori dei conti (il cui numero di cinque sembra, a maggior ragione oggi, davvero sproporzionato\u2026) notiamo che il Primo Cittadino da un lato non ha seguito il disposto del Decreto Legge 13 agosto 2011, n.138, convertito in Legge 14 settembre 2011, n.148, che stabilisce che i revisori degli enti locali siano estratti a sorte (non venendo incontro al senso della norma che andrebbe per correttezza applicata, secondo noi, proprio per la massima trasparenza possibile, \u00a0anche alle aziende partecipate al 100% dagli Enti locali quale \u00e8 l\u2019ACTA), e dall\u2019altro non ha sentito nemmeno il dovere di indicare nei revisori una figura di garanzia (come invece avveniva con le precedenti normative sui revisori)&#8230; Insomma come al solito questa Amministrazione legge, interpreta ed applica le norme dello Stato solo a proprio piacimento!!<\/em>\u201d<\/p>\n","protected":false},"excerpt":{"rendered":"<p>Il VicePresidente del Consiglio Comunale di Potenza, Antonino Imbesi, ed il Capogruppo del PDL, Fernando Picerno, in una nota, hanno comunicato che le dimissioni dell\u2019Assessore &#8230; <\/p>\n","protected":false},"author":1,"featured_media":0,"comment_status":"closed","ping_status":"closed","sticky":false,"template":"single-sidebar.php","format":"standard","meta":{"footnotes":""},"categories":[384],"tags":[],"class_list":["post-7920","post","type-post","status-publish","format-standard","hentry","category-c243-comunicati-stampa-dei-consiglieri-243"],"_links":{"self":[{"href":"https:\/\/archivio.comune.potenza.it\/index.php?rest_route=\/wp\/v2\/posts\/7920"}],"collection":[{"href":"https:\/\/archivio.comune.potenza.it\/index.php?rest_route=\/wp\/v2\/posts"}],"about":[{"href":"https:\/\/archivio.comune.potenza.it\/index.php?rest_route=\/wp\/v2\/types\/post"}],"author":[{"embeddable":true,"href":"https:\/\/archivio.comune.potenza.it\/index.php?rest_route=\/wp\/v2\/users\/1"}],"replies":[{"embeddable":true,"href":"https:\/\/archivio.comune.potenza.it\/index.php?rest_route=%2Fwp%2Fv2%2Fcomments&post=7920"}],"version-history":[{"count":0,"href":"https:\/\/archivio.comune.potenza.it\/index.php?rest_route=\/wp\/v2\/posts\/7920\/revisions"}],"wp:attachment":[{"href":"https:\/\/archivio.comune.potenza.it\/index.php?rest_route=%2Fwp%2Fv2%2Fmedia&parent=7920"}],"wp:term":[{"taxonomy":"category","embeddable":true,"href":"https:\/\/archivio.comune.potenza.it\/index.php?rest_route=%2Fwp%2Fv2%2Fcategories&post=7920"},{"taxonomy":"post_tag","embeddable":true,"href":"https:\/\/archivio.comune.potenza.it\/index.php?rest_route=%2Fwp%2Fv2%2Ftags&post=7920"}],"curies":[{"name":"wp","href":"https:\/\/api.w.org\/{rel}","templated":true}]}}