{"id":7922,"date":"2013-07-30T06:43:43","date_gmt":"2013-07-30T04:43:43","guid":{"rendered":"http:\/\/archivio.comune.potenza.it\/comune_wp\/?p=7922"},"modified":"2013-07-30T06:43:43","modified_gmt":"2013-07-30T04:43:43","slug":"nicola-becce-8popolo-della-liberta-nuovo-cda-dell-acta","status":"publish","type":"post","link":"https:\/\/archivio.comune.potenza.it\/?p=7922","title":{"rendered":"Nicola Becce (Popolo della Libert\u00e0): Nuovo CdA dell&#8217;ACTA"},"content":{"rendered":"<p>Considero positivo che il sindaco della Citt\u00e0 di Potenza Vito Santarsiero abbia nominato il nuovo Consiglio di amministrazione dell\u2019Acta, Azienda comunale di tutela ambientale, in sostituzione del precedente scaduto nel rispetto delle nuove norme di legge. La novit\u00e0 apprezzabile \u00e8 che tutti i nuovi membri sono dipendenti comunali quindi auguri al Presidente dottoressa Luisa Scavone dirigente dell\u2019Unit\u00e0 di direzione Organizzazione delle Risorse Umane\u00a0del Comune di Potenza ed auguri di buon lavoro ai componenti del CdA Maria Antonietta Sarubbi, funzionario del Comune di Potenza e Attilio La Ginestra funzionario del Comune di Potenza.<\/p>\n<p>Ma resta purtroppo una riforma monca, infatti, resta confermato il collegio sindacale.<\/p>\n<p>Si poteva invece agire con coraggio politico e nominarne uno nuovo sempre con risorse umane provenienti dall\u2019amministrazione comunale: ci sono le professionalit\u00e0 e possono essere valorizzate con nuovi incarichi ed esperienze.<\/p>\n<p>Oltre che si sarebbe fatto risparmiare denaro pubblico con un collegio sindacale interno. Non si \u00e8 voluto oppure \u00e8 mancato il coraggio di una scelta pi\u00f9 radicale. \u00a0Ma almeno va dato atto di un primo piccolo passo verso una diversa gestione dell\u2019Acta che corre il pericolo sempre di essere un costoso carrozzone pubblico.<\/p>\n<p>Rimango del parere che debba essere fatta una rivoluzione copernicana nella \u201cQuestione Acta\u201d : scioglierla\u00a0 e le competenze passate direttamente all\u2019Amministrazione Comunale; ma per ora apprezziamo questo primo e timido passo e staremo a vedere i risultati.<\/p>\n","protected":false},"excerpt":{"rendered":"<p>Considero positivo che il sindaco della Citt\u00e0 di Potenza Vito Santarsiero abbia nominato il nuovo Consiglio di amministrazione dell\u2019Acta, Azienda comunale di tutela ambientale, in &#8230; <\/p>\n","protected":false},"author":1,"featured_media":0,"comment_status":"closed","ping_status":"closed","sticky":false,"template":"single-sidebar.php","format":"standard","meta":{"footnotes":""},"categories":[384],"tags":[],"class_list":["post-7922","post","type-post","status-publish","format-standard","hentry","category-c243-comunicati-stampa-dei-consiglieri-243"],"_links":{"self":[{"href":"https:\/\/archivio.comune.potenza.it\/index.php?rest_route=\/wp\/v2\/posts\/7922"}],"collection":[{"href":"https:\/\/archivio.comune.potenza.it\/index.php?rest_route=\/wp\/v2\/posts"}],"about":[{"href":"https:\/\/archivio.comune.potenza.it\/index.php?rest_route=\/wp\/v2\/types\/post"}],"author":[{"embeddable":true,"href":"https:\/\/archivio.comune.potenza.it\/index.php?rest_route=\/wp\/v2\/users\/1"}],"replies":[{"embeddable":true,"href":"https:\/\/archivio.comune.potenza.it\/index.php?rest_route=%2Fwp%2Fv2%2Fcomments&post=7922"}],"version-history":[{"count":0,"href":"https:\/\/archivio.comune.potenza.it\/index.php?rest_route=\/wp\/v2\/posts\/7922\/revisions"}],"wp:attachment":[{"href":"https:\/\/archivio.comune.potenza.it\/index.php?rest_route=%2Fwp%2Fv2%2Fmedia&parent=7922"}],"wp:term":[{"taxonomy":"category","embeddable":true,"href":"https:\/\/archivio.comune.potenza.it\/index.php?rest_route=%2Fwp%2Fv2%2Fcategories&post=7922"},{"taxonomy":"post_tag","embeddable":true,"href":"https:\/\/archivio.comune.potenza.it\/index.php?rest_route=%2Fwp%2Fv2%2Ftags&post=7922"}],"curies":[{"name":"wp","href":"https:\/\/api.w.org\/{rel}","templated":true}]}}