{"id":7931,"date":"2013-07-31T07:53:46","date_gmt":"2013-07-31T05:53:46","guid":{"rendered":"http:\/\/archivio.comune.potenza.it\/comune_wp\/?p=7931"},"modified":"2013-07-31T07:53:46","modified_gmt":"2013-07-31T05:53:46","slug":"antonino-imbesi-popolo-della-liberta-seri-dubbi-sulla-scelta-fatta-dall-amministrazione-comunale-sul-nodo-complesso","status":"publish","type":"post","link":"https:\/\/archivio.comune.potenza.it\/?p=7931","title":{"rendered":"Antonino Imbesi (Popolo della Libert\u00e0): Seri dubbi sulla scelta fatta dall\u2019Amministrazione Comunale sul Nodo complesso"},"content":{"rendered":"<p>Il VicePresidente del Consiglio Comunale di Potenza, Antonino Imbesi, in una nota, ha fatto conoscere i propri dubbi rispetto alla scelta che l\u2019Amministrazione Comunale ha deciso di mettere in campo rispetto alla \u201cquestione Nodo complesso del Gallitello\u201d.<\/p>\n<p>&#8220;<em>La scelta della Giunta Municipale di revocare in autotutela\u00a0 (peraltro, cosa quanto mai insolita, su richiesta della stessa ditta oggi sotto processo) la delibera del 12 ottobre scorso (con cui si stabiliva la risoluzione del contratto con l\u2019impresa DEC spa) \u00e8 secondo me almeno stravagante dato che basa la maggior parte della sua giustificazione sul concetto che le fideiussioni assicurative di cui gode il Comune non sarebbero, secondo alcuni amministratori, esigibili al 100%&#8230; <\/em>\u2013 ha detto il VicePresidente IMBESI \u2013 <em>Io, invece, contesto fortemente questa interpretazione non suffragata da alcun dato e decisamente astrusa e sostengo che le fideiussioni a prima richiesta garantiscono in tutto e per tutto il Municipio sia per i danni che per i i ritardi che la ditta fallita ha prodotto ed andrebbero invece attivate immediatamente le richieste conseguenziali<\/em>\u201d<\/p>\n<p>Imbesi ha anche contestato che si possa scegliere di dare la continuazione dei lavori ad una nuova ditta (sorta oggi come un fungo) senza procedere ad una nuova gara sulla base di un calcolo ipotetico di maggiori oneri non confermato da alcun fatto e non dimostrato (perch\u00e9 indimostrabile) nei fatti.<\/p>\n<p>&#8220;<em>L\u2019Amministrazione Comunale sostiene che sia pi\u00f9 conveniente accettare che una nuova societ\u00e0 a responsabilit\u00e0 limitata, quindi anche con un capitale di garanzia davvero irrisorio (la Lista Appalti srl),\u00a0 subentri ad una spa che \u00e8 fallita (la DEC) assegnandole oggi\u00a0 i lavori gi\u00e0 tolti alla DEC ben 10 mesi fa senza procedere ad alcuna nuova gara come invece il Municipio aveva deciso di fare l\u2019anno scorso! <\/em>\u2013 ha detto il Consigliere Comunale di opposizione \u2013 <em>A me un tale atteggiamento sembra paradossale nonch\u00e9 fortemente rischioso dato che la nuova ditta non offre nemmeno nessuna garanzia pregressa della capacit\u00e0 di saper svolgere appalti cos\u00ec importanti (anzi \u00e8 proprio questo il motivo per il quale acquisterebbe il ramo di azienda della DEC ossia per acquisirne le autorizzazioni e poter quindi partecipare ad appalti con importi rilevanti)\u2026 Pensate solo che succederebbe se anche questa seconda ditta si trovasse in una nuova situazione debitoria e\/o nella incapacit\u00e0 di concludere i lavori\u2026 Inoltre cos\u00ec facendo il Comune dovrebbe rinunciare a tutti i danni per diverse centinaia di migliaia di euro (se non milioni) che invece per contratto avrebbe diritto a percepire dalla ditta fallita e\/o dall\u2019assicurazione che la garantiva!<\/em>\u201d<\/p>\n<p>Imbesi ha reso noto di aver correttamente fatto presente al Sindaco ed all\u2019Assessore alla mobilit\u00e0 le proprie serie perplessit\u00e0 e la propria contrariet\u00e0 all\u2019operazione, considerata dallo stelo Consigliere \u201cpericolosa e troppo sbarazzina\u201d, nel corso di una Commissione Consiliare tenutasi nei giorni scorsi.<\/p>\n<p>&#8220;<em>Nella scorsa settimana durante una seduta di Commissione <\/em>\u2013 ha sottolineato Imbesi \u2013 <em>ho avuto modo di esprimere la mia forte contrariet\u00e0 alle scelte dell\u2019Amministrazione ed ho invitato la stessa ad evitare i giochi delle scatole cinesi ma invece a porre in essere atti trasparenti ed inequivocabili come il ricorso ad un nuovo appalto, attivando al contempo tutte le procedure per rientrare economicamente del danno subito a causa del fallimento della DEC, facendo anche presente che una scelta diversa avrebbe potuto comportare\u00a0 possibili conseguenze su altri piani di giudizio\u2026<\/em>\u201d<\/p>\n","protected":false},"excerpt":{"rendered":"<p>Il VicePresidente del Consiglio Comunale di Potenza, Antonino Imbesi, in una nota, ha fatto conoscere i propri dubbi rispetto alla scelta che l\u2019Amministrazione Comunale ha &#8230; <\/p>\n","protected":false},"author":1,"featured_media":0,"comment_status":"closed","ping_status":"closed","sticky":false,"template":"single-sidebar.php","format":"standard","meta":{"footnotes":""},"categories":[384],"tags":[],"class_list":["post-7931","post","type-post","status-publish","format-standard","hentry","category-c243-comunicati-stampa-dei-consiglieri-243"],"_links":{"self":[{"href":"https:\/\/archivio.comune.potenza.it\/index.php?rest_route=\/wp\/v2\/posts\/7931"}],"collection":[{"href":"https:\/\/archivio.comune.potenza.it\/index.php?rest_route=\/wp\/v2\/posts"}],"about":[{"href":"https:\/\/archivio.comune.potenza.it\/index.php?rest_route=\/wp\/v2\/types\/post"}],"author":[{"embeddable":true,"href":"https:\/\/archivio.comune.potenza.it\/index.php?rest_route=\/wp\/v2\/users\/1"}],"replies":[{"embeddable":true,"href":"https:\/\/archivio.comune.potenza.it\/index.php?rest_route=%2Fwp%2Fv2%2Fcomments&post=7931"}],"version-history":[{"count":0,"href":"https:\/\/archivio.comune.potenza.it\/index.php?rest_route=\/wp\/v2\/posts\/7931\/revisions"}],"wp:attachment":[{"href":"https:\/\/archivio.comune.potenza.it\/index.php?rest_route=%2Fwp%2Fv2%2Fmedia&parent=7931"}],"wp:term":[{"taxonomy":"category","embeddable":true,"href":"https:\/\/archivio.comune.potenza.it\/index.php?rest_route=%2Fwp%2Fv2%2Fcategories&post=7931"},{"taxonomy":"post_tag","embeddable":true,"href":"https:\/\/archivio.comune.potenza.it\/index.php?rest_route=%2Fwp%2Fv2%2Ftags&post=7931"}],"curies":[{"name":"wp","href":"https:\/\/api.w.org\/{rel}","templated":true}]}}