{"id":7932,"date":"2013-07-31T07:55:39","date_gmt":"2013-07-31T05:55:39","guid":{"rendered":"http:\/\/archivio.comune.potenza.it\/comune_wp\/?p=7932"},"modified":"2013-07-31T07:55:39","modified_gmt":"2013-07-31T05:55:39","slug":"filippo-gesualdi-con-santarsiero-per-potenza-proroga-progetto-copes","status":"publish","type":"post","link":"https:\/\/archivio.comune.potenza.it\/?p=7932","title":{"rendered":"Filippo Gesualdi (Con Santarsiero per Potenza): Proroga progetto COPES"},"content":{"rendered":"<p>Il consigliere del gruppo \u2018Con Santarsiero per Potenza\u2019 Filippo Gesualdi, invita la Regione che nella proposta di assestamento al bilancio di previsione per l\u2019esercizio finanziario 2013 confermi la volont\u00e0\u00a0 di trovare le risorse necessarie per il prosieguo del programma regionale di contrasto delle condizioni di povert\u00e0 e di inclusione sociale (Copes) considerato che la copertura finanziaria \u00e8 fino al 30 giugno 2013, evitando che i beneficiari rimangano senza aiuto mensile.\u00a0 \u00a0Il programma Copes coinvolge circa 2200 persone, delle quali 108 sono della citt\u00e0 di Potenza, trattasi di padri e madri di famiglia che vivono in condizioni di estremo disagio alle prese con il pagamento di bollette per loro troppo esose, e che non riescono neppure a garantirsi un pasto giornaliero.<\/p>\n<p>E\u2019 opportuno altres\u00ec, che si attivino le procedure per indire il nuovo bando che come d\u2019accordo con i sindacati doveva partire gi\u00e0 dal mese di luglio e dare cos\u00ec la possibilit\u00e0 di poter partecipare anche ai nuovi poveri, la cui platea \u00e8 stimata dalla Caritas sulle 8.000 unit\u00e0.<\/p>\n<p>Bisogna\u00a0 guardare avanti dando segnali \u00a0di concretezza e di stabilit\u00e0 alla parte pi\u00f9 sofferente del territorio , mi auguro che il nuovo progetto\u00a0 non distribuisca solo soldi a pioggia, erogando sussidi a persone che ne hanno sicuramente bisogno, ma che crei occupazione.<\/p>\n<p>Mi auguro che nella stesura del nuovo programma di cittadinanza solidale,\u00a0 oltre a prevedere l\u2019erogazione di un aiuto finanziario si creino veramente opportunit\u00e0 di lavoro,\u00a0 per la loro dignit\u00e0 e per il loro benessere\u201d. E\u2019 dal lavoro che viene \u2018la dignit\u00e0 della persona\u2019.<\/p>\n<p>Il consigliere Gesualdi, conclude chiedendo alla Regione \u201cquali strumenti e iniziative intende porre in essere per garantire attraverso la dovuta copertura finanziaria il pagamento delle dovute spettanze ai 2200 aventi diritto del progetto Copes e nel contempo\u00a0 quanto pensi di indire il nuovo bando.<\/p>\n","protected":false},"excerpt":{"rendered":"<p>Il consigliere del gruppo \u2018Con Santarsiero per Potenza\u2019 Filippo Gesualdi, invita la Regione che nella proposta di assestamento al bilancio di previsione per l\u2019esercizio finanziario &#8230; <\/p>\n","protected":false},"author":1,"featured_media":0,"comment_status":"closed","ping_status":"closed","sticky":false,"template":"single-sidebar.php","format":"standard","meta":{"footnotes":""},"categories":[384],"tags":[],"class_list":["post-7932","post","type-post","status-publish","format-standard","hentry","category-c243-comunicati-stampa-dei-consiglieri-243"],"_links":{"self":[{"href":"https:\/\/archivio.comune.potenza.it\/index.php?rest_route=\/wp\/v2\/posts\/7932"}],"collection":[{"href":"https:\/\/archivio.comune.potenza.it\/index.php?rest_route=\/wp\/v2\/posts"}],"about":[{"href":"https:\/\/archivio.comune.potenza.it\/index.php?rest_route=\/wp\/v2\/types\/post"}],"author":[{"embeddable":true,"href":"https:\/\/archivio.comune.potenza.it\/index.php?rest_route=\/wp\/v2\/users\/1"}],"replies":[{"embeddable":true,"href":"https:\/\/archivio.comune.potenza.it\/index.php?rest_route=%2Fwp%2Fv2%2Fcomments&post=7932"}],"version-history":[{"count":0,"href":"https:\/\/archivio.comune.potenza.it\/index.php?rest_route=\/wp\/v2\/posts\/7932\/revisions"}],"wp:attachment":[{"href":"https:\/\/archivio.comune.potenza.it\/index.php?rest_route=%2Fwp%2Fv2%2Fmedia&parent=7932"}],"wp:term":[{"taxonomy":"category","embeddable":true,"href":"https:\/\/archivio.comune.potenza.it\/index.php?rest_route=%2Fwp%2Fv2%2Fcategories&post=7932"},{"taxonomy":"post_tag","embeddable":true,"href":"https:\/\/archivio.comune.potenza.it\/index.php?rest_route=%2Fwp%2Fv2%2Ftags&post=7932"}],"curies":[{"name":"wp","href":"https:\/\/api.w.org\/{rel}","templated":true}]}}