{"id":7963,"date":"2013-08-03T09:19:45","date_gmt":"2013-08-03T07:19:45","guid":{"rendered":"http:\/\/archivio.comune.potenza.it\/comune_wp\/?p=7963"},"modified":"2013-08-03T09:19:45","modified_gmt":"2013-08-03T07:19:45","slug":"nicola-becce-popolo-della-liberta-numero-assessori-al-comune-di-potenza","status":"publish","type":"post","link":"https:\/\/archivio.comune.potenza.it\/?p=7963","title":{"rendered":"Nicola Becce (Popolo della Libert\u00e0): Numero Assessori al Comune di Potenza"},"content":{"rendered":"<p>L\u2019ho detto e ripetuto da tempo, sempre inascoltato dal Sindaco Santarsiero, dalla maggioranza di centrosinistra e da qual partito falso progressista che \u00e8 il Pd. Eppure non chiedevo la Luna, ma semplicemente una riduzione degli assessori della Giunta Comunale di Potenza. 10 ben dieci postazioni, quando la Regione Basilicata ne ha solo 6 e in futuro scender\u00e0 a 4. Invece a Potenza no, per dare ristori e prebende a tutti, dal pi\u00f9 grandicello al pi\u00f9 piccolino ci si inventa anche improbabili deleghe che possono essere riunite in un solo assessorato. Un segno di civilt\u00e0 politica specie in un periodo di crisi sarebbe stato un segnale di vicinanza ai cittadini ed ai loro stessi elettori.<\/p>\n<p>Bene, anzi male, poniamo che \u201csegare\u201d qualche assessorato quando son giochi fatti \u00e8 un\u2019impresa che denota coraggio politico dato che farebbe fibrillare una gi\u00e0 litigiosa maggioranza, ma dopo gli ultimi episodi se Santarsiero voleva poteva ridurre. Infatti, a seguito delle dimissioni presentate dall\u2019assessore Clementina La Sala che ha optato per la carica di consigliere comunale, vi era &#8211; purtroppo uso un verbo al passato &#8211; la possibilit\u00e0 di un bel accorpamento. Ma siamo a Potenza purtroppo, che fa il \u201cprimo cittadino\u201d va a ridistribuire le deleghe attestate a Pietro Campagna vengono attribuite, oltre a quelle gi\u00e0 in possesso, anche le deleghe relative a <strong>Lavori pubblici-piano triennale OO.PP., riqualificazione spazi urbani, nuova edilizia sportiva, rete idrica, rete gas, rete fognaria, rapporti con AATO idrico e Acquedotto lucano<\/strong> ed all\u2019assessore Giuseppe Messina viene assegnata anche la delega relativa <strong>all\u2019edilizia scolastica e sociale. <\/strong>\u00a0<\/p>\n<p>Moltiplicate e crescete ma non certo per il bene della cittadinanza e della Comunit\u00e0.<\/p>\n<p>Non \u00e8 certo un segreto perch\u00e9 si spreghi danaro pubblico in assessori ed assessoretti vari: il 2014 \u00e8 molto ma molto vicino. Quindi le filiere devono essere coltivate, il clientelismo aumentano tutto questo a danno di Potenza e dei Potentini. Vergognatevi, Vergognativi, Vergognatesi . Anteponete tutti il vostro piccolo orticello ai bisogni ai bisogni della Comunit\u00e0 e di Potenza.<\/p>\n<p>\u00a0<\/p>\n","protected":false},"excerpt":{"rendered":"<p>L\u2019ho detto e ripetuto da tempo, sempre inascoltato dal Sindaco Santarsiero, dalla maggioranza di centrosinistra e da qual partito falso progressista che \u00e8 il Pd. &#8230; <\/p>\n","protected":false},"author":1,"featured_media":0,"comment_status":"closed","ping_status":"closed","sticky":false,"template":"single-sidebar.php","format":"standard","meta":{"footnotes":""},"categories":[384],"tags":[],"class_list":["post-7963","post","type-post","status-publish","format-standard","hentry","category-c243-comunicati-stampa-dei-consiglieri-243"],"_links":{"self":[{"href":"https:\/\/archivio.comune.potenza.it\/index.php?rest_route=\/wp\/v2\/posts\/7963"}],"collection":[{"href":"https:\/\/archivio.comune.potenza.it\/index.php?rest_route=\/wp\/v2\/posts"}],"about":[{"href":"https:\/\/archivio.comune.potenza.it\/index.php?rest_route=\/wp\/v2\/types\/post"}],"author":[{"embeddable":true,"href":"https:\/\/archivio.comune.potenza.it\/index.php?rest_route=\/wp\/v2\/users\/1"}],"replies":[{"embeddable":true,"href":"https:\/\/archivio.comune.potenza.it\/index.php?rest_route=%2Fwp%2Fv2%2Fcomments&post=7963"}],"version-history":[{"count":0,"href":"https:\/\/archivio.comune.potenza.it\/index.php?rest_route=\/wp\/v2\/posts\/7963\/revisions"}],"wp:attachment":[{"href":"https:\/\/archivio.comune.potenza.it\/index.php?rest_route=%2Fwp%2Fv2%2Fmedia&parent=7963"}],"wp:term":[{"taxonomy":"category","embeddable":true,"href":"https:\/\/archivio.comune.potenza.it\/index.php?rest_route=%2Fwp%2Fv2%2Fcategories&post=7963"},{"taxonomy":"post_tag","embeddable":true,"href":"https:\/\/archivio.comune.potenza.it\/index.php?rest_route=%2Fwp%2Fv2%2Ftags&post=7963"}],"curies":[{"name":"wp","href":"https:\/\/api.w.org\/{rel}","templated":true}]}}