{"id":7989,"date":"2013-08-08T07:02:46","date_gmt":"2013-08-08T05:02:46","guid":{"rendered":"http:\/\/archivio.comune.potenza.it\/comune_wp\/?p=7989"},"modified":"2013-08-08T07:02:46","modified_gmt":"2013-08-08T05:02:46","slug":"nicola-becce-popolo-della-liberta-ma-potenza-e-un-capoluogo-di-regione","status":"publish","type":"post","link":"https:\/\/archivio.comune.potenza.it\/?p=7989","title":{"rendered":"Nicola Becce (Popolo della Libert\u00e0): Ma Potenza \u00e8 un Capoluogo di Regione?"},"content":{"rendered":"<p>Ma Potenza \u00e8 un Capoluogo di Regione? Ma Potenza \u00e8 una Citt\u00e0? Ma Potenza ha un posto di rilievo in Basilicata? Nel leggere lo sfogo di Vito Santarsiero sembrerebbe di no, dopo l\u2019approvazione in Regione Basilicata del\u2019assestamento di Bilancio che penalizza senza ombra di dubbio la nostra Citt\u00e0 anzi la Citt\u00e0 che oltre ad avere un ampio Hinterland, ogni giorno ospita migliaia di lucani che si riversano qui per lavoro, studi, servizi e faccende varie. Santarsiero fa bene a lamentarsi, anche se esagera su ipotetiche azioni di risanamento fatte dalla sua amministrazione ovvero: nessun debito negli ultimi 9 anni, riduzione del personale di oltre 200 unit\u00e0, contrazione e razionalizzazione di spese e servizi. Favole e mezzi atti semmai ma mai nulla di strutturale e politicamente valido. Santarsiero fa bene a lamentarsi di mancati contributi sostanziosi che andrebbero a vantaggio sia dei potentini che dei lucani tutti. Per\u00f2, restano degli interrogativi oltre a quelli gi\u00e0 evidenziati. Ma Santarsiero conta qualcosa nella politica del centrosinistra? Ma il Pd potentino conta qualcosa nella politica in Basilicata? Se il Partito Regione ovvero il Partito Democratico di De Filippo, Pittella, Speranza prende a schiaffi la Citt\u00e0 di Potenza significa solo e soltanto che la rappresentanza potentina non ha voce in capitolo, anzi non viene neanche considerata. Sfiderei chiunque a trovare un qualunque assestamento di Bilancio di qualunque regione italiana e non trovare un sostanzioso contributo economico.<\/p>\n<p>Vi immaginate la Regione Campania che ignora Napoli, o la Lombardia che bistratta Milano oppure la Toscana che ignora Firenze. Sarebbe una follia e forse troveremo proteste popolari. In Basilicata invece no, tutto tace tranne la voce del ruspante ed addolorato Vito che arriva tardi, avrebbe dovuto lavorare prima e nelle stanze del potere. Ma questo non \u00e8 avvenuto e ci lascia due risposte per tutti i quesiti: Santarsiero non incide nella politica lucana ed il Pd di Potenza non conta nulla. I nove anni di amministrazione \u201cmade Santarsiero\u201d si sono contraddistinti per l\u2019effimero e non per la sostanza; poi i miseri risultati si vedono carenze di servizi e \u201ccalci nelle gengive\u201d nella politica. Egregi concittadini, cari potentini nel 2014 non cambier\u00e0 nulla se voterete Pd cambiano le facce ma resta l\u2019inconsistenza, l\u2019unico modo di cambiare \u00e8 votare chi sta l&#8217;opposizione perch\u00e9 \u00e8 realmente alternativo a questi signori.<\/p>\n<p>\u00a0<\/p>\n","protected":false},"excerpt":{"rendered":"<p>Ma Potenza \u00e8 un Capoluogo di Regione? Ma Potenza \u00e8 una Citt\u00e0? Ma Potenza ha un posto di rilievo in Basilicata? Nel leggere lo sfogo &#8230; <\/p>\n","protected":false},"author":1,"featured_media":0,"comment_status":"closed","ping_status":"closed","sticky":false,"template":"single-sidebar.php","format":"standard","meta":{"footnotes":""},"categories":[384],"tags":[],"class_list":["post-7989","post","type-post","status-publish","format-standard","hentry","category-c243-comunicati-stampa-dei-consiglieri-243"],"_links":{"self":[{"href":"https:\/\/archivio.comune.potenza.it\/index.php?rest_route=\/wp\/v2\/posts\/7989"}],"collection":[{"href":"https:\/\/archivio.comune.potenza.it\/index.php?rest_route=\/wp\/v2\/posts"}],"about":[{"href":"https:\/\/archivio.comune.potenza.it\/index.php?rest_route=\/wp\/v2\/types\/post"}],"author":[{"embeddable":true,"href":"https:\/\/archivio.comune.potenza.it\/index.php?rest_route=\/wp\/v2\/users\/1"}],"replies":[{"embeddable":true,"href":"https:\/\/archivio.comune.potenza.it\/index.php?rest_route=%2Fwp%2Fv2%2Fcomments&post=7989"}],"version-history":[{"count":0,"href":"https:\/\/archivio.comune.potenza.it\/index.php?rest_route=\/wp\/v2\/posts\/7989\/revisions"}],"wp:attachment":[{"href":"https:\/\/archivio.comune.potenza.it\/index.php?rest_route=%2Fwp%2Fv2%2Fmedia&parent=7989"}],"wp:term":[{"taxonomy":"category","embeddable":true,"href":"https:\/\/archivio.comune.potenza.it\/index.php?rest_route=%2Fwp%2Fv2%2Fcategories&post=7989"},{"taxonomy":"post_tag","embeddable":true,"href":"https:\/\/archivio.comune.potenza.it\/index.php?rest_route=%2Fwp%2Fv2%2Ftags&post=7989"}],"curies":[{"name":"wp","href":"https:\/\/api.w.org\/{rel}","templated":true}]}}