{"id":8036,"date":"2013-08-12T07:09:03","date_gmt":"2013-08-12T05:09:03","guid":{"rendered":"http:\/\/archivio.comune.potenza.it\/comune_wp\/?p=8036"},"modified":"2013-08-12T07:09:03","modified_gmt":"2013-08-12T05:09:03","slug":"salvatore-lacerra-mal-mpa-di-stupidita-si-muore","status":"publish","type":"post","link":"https:\/\/archivio.comune.potenza.it\/?p=8036","title":{"rendered":"Salvatore Lacerra (MAL-MPA): Di stupidit\u00e0 si muore!"},"content":{"rendered":"<p class=\"Standard\">Leggo i diversi comunicati, di questo o di quello, ciascuno rivendica a s\u00e9 il vero cambiamento, rivendica alla sua parte politica l&#8217;unica\u00a0 azione coerente e salvifica per questa Regione.<\/p>\n<p class=\"Standard\">Dimenticano, alcuni di questi signori che fino a ieri militavano in altre coalizioni o che da un lato sono passati all&#8217;altro con lauto premio per il tradimento. Pensano questi smemorati che\u00a0 anche gli elettori abbiano dimenticato. Non \u00e8 cos\u00ec!<\/p>\n<p class=\"Standard\">Vorrei provare a ragionare.\u00a0 In Basilicata ed in Regione esiste un unico partito. L&#8217;altra coalizione non ha partito ma ha un leader nazionale. Superato dalla storia il richiamo ai valori \u201cposizionati\u201d, quelli di destra o di sinistra, ecco che emergono valori comuni a tutti, se condivisi e perseguiti: la giustizia, la buona amministrazione, la crescita sostenibile. Quello che per\u00f2 accomuna tutti, dico tutti, quelli che si definiscono di destra,\u00a0 quelli che si definiscono di centro o di sinistra \u00e8 il giudizio negativo, nefasto, per la conduzione politica\u00a0 della Regione negli ultimi decenni.<\/p>\n<p class=\"Standard\">Lo pensano tutti: lo urlano quelli che sono artefici di una opposizione\u00a0 che pensa a gestire le briciole, lo dichiarano quelli che all&#8217;epoca si allearono con questi pensando di contare, lo dicono nei loro discorsi quelli che una volta credevano nel comunismo e che con falso moralismo\u00a0 giustificano i danni che producono. Lo sanno e lo confessano finanche i lacch\u00e8 ed i beneficiari di questo iniquo sistema.<\/p>\n<p class=\"Standard\">Ma cos\u00ec non pu\u00f2 continuare:mancano i soldi! Mancano\u00a0 i soldi per continuare nello sperpero, per non programmare, per continuare a duplicare ruoli e funzioni, per elargire soldi a pioggia e senza verifiche, per continuare ad ingrassare una macchina amministrativa inutile e finanche dannosa, per continuare ad aumentare imposte e tasse\u00a0 per servizi non resi (rifiuti, trasporti ecc),\u00a0 nascondendosi dietro norme statali.<\/p>\n<p class=\"Standard\">Allora chiedo a me stesso: cosa \u00e8 importante? Dire di essere di una parte, di un movimento, di un partito, di una lista, o tentare di creare un&#8217;area, un fronte\u00a0 e riconquistare una fiducia comune che crei un vasto schieramento e permetta a tutti di volare alto e pensare che si pu\u00f2 cambiare? Mi rispiego.\u00a0 Qual&#8217;\u00e8 l&#8217;obiettivo: dare un futuro alla Regione, dare un futuro ai giovani, avere un programma diverso e virtuoso che coinvolga la politica, l&#8217;amministrazione e la comunit\u00e0 regionale? Se \u00e8 cos\u00ec allora smettetela di rivendicare coerenze, appartenenze, scelte di campo. Questo significa solo spaccare un costruendo schieramento e fare il gioco di chi non vuol cambiare nulla, significa far finta di fare una scelta pregiudiziale, ma di comodo, allo scopo di rivendicare in future spartizioni postazioni migliori. Questo significa che non \u00e8 pi\u00f9 tempo di\u00a0 singole purezze, primogeniture, virt\u00f9 mancate: singolarmente non si cambia. E&#8217; tempo di\u00a0 ritrovare rispetto comune e costruire un&#8217;area sempre pi\u00f9 vasta che persegua la sfida del cambiamento e la vinca. Se l&#8217;obiettivo non \u00e8 il mio o il tuo posizionamento, ma il futuro della nostra comunit\u00e0, allora impariamo a stare zitti, ad ascoltare, ad avere stima anche di quelli che da tempo, troppo tempo, stanno sulla breccia. Per costruire un&#8217;alternativa, anche la loro esperienza \u00e8 preziosa.<\/p>\n<p class=\"Standard\">Di stupidit\u00e0 muore non solo la politica ma l&#8217;alternativa.<\/p>\n","protected":false},"excerpt":{"rendered":"<p>Leggo i diversi comunicati, di questo o di quello, ciascuno rivendica a s\u00e9 il vero cambiamento, rivendica alla sua parte politica l&#8217;unica\u00a0 azione coerente e &#8230; <\/p>\n","protected":false},"author":1,"featured_media":0,"comment_status":"closed","ping_status":"closed","sticky":false,"template":"single-sidebar.php","format":"standard","meta":{"footnotes":""},"categories":[384],"tags":[],"class_list":["post-8036","post","type-post","status-publish","format-standard","hentry","category-c243-comunicati-stampa-dei-consiglieri-243"],"_links":{"self":[{"href":"https:\/\/archivio.comune.potenza.it\/index.php?rest_route=\/wp\/v2\/posts\/8036"}],"collection":[{"href":"https:\/\/archivio.comune.potenza.it\/index.php?rest_route=\/wp\/v2\/posts"}],"about":[{"href":"https:\/\/archivio.comune.potenza.it\/index.php?rest_route=\/wp\/v2\/types\/post"}],"author":[{"embeddable":true,"href":"https:\/\/archivio.comune.potenza.it\/index.php?rest_route=\/wp\/v2\/users\/1"}],"replies":[{"embeddable":true,"href":"https:\/\/archivio.comune.potenza.it\/index.php?rest_route=%2Fwp%2Fv2%2Fcomments&post=8036"}],"version-history":[{"count":0,"href":"https:\/\/archivio.comune.potenza.it\/index.php?rest_route=\/wp\/v2\/posts\/8036\/revisions"}],"wp:attachment":[{"href":"https:\/\/archivio.comune.potenza.it\/index.php?rest_route=%2Fwp%2Fv2%2Fmedia&parent=8036"}],"wp:term":[{"taxonomy":"category","embeddable":true,"href":"https:\/\/archivio.comune.potenza.it\/index.php?rest_route=%2Fwp%2Fv2%2Fcategories&post=8036"},{"taxonomy":"post_tag","embeddable":true,"href":"https:\/\/archivio.comune.potenza.it\/index.php?rest_route=%2Fwp%2Fv2%2Ftags&post=8036"}],"curies":[{"name":"wp","href":"https:\/\/api.w.org\/{rel}","templated":true}]}}