{"id":8037,"date":"2013-08-12T09:29:55","date_gmt":"2013-08-12T07:29:55","guid":{"rendered":"http:\/\/archivio.comune.potenza.it\/comune_wp\/?p=8037"},"modified":"2013-08-12T09:29:55","modified_gmt":"2013-08-12T07:29:55","slug":"antonino-imbesi-popolo-della-liberta-lavori-di-adeguamento-per-il-ponte-di-montereale","status":"publish","type":"post","link":"https:\/\/archivio.comune.potenza.it\/?p=8037","title":{"rendered":"Antonino Imbesi (Popolo della Libert\u00e0): Lavori di adeguamento per il Ponte di Montereale"},"content":{"rendered":"<p>Il VicePresidente del Consiglio Comunale di Potenza, Antonino Imbesi, in una nota, ha sottolineato che in relazione alla questione dei lavori di adeguamento del Ponte di Montereale l\u2019Amministrazione cittadina \u00e8 indietro di diversi anni.<\/p>\n<p>\u00a0\u201c<em>Gi\u00e0 nell\u2019ottobre 2009 ed ancora prima nel 2006 <\/em>&#8211; ha rilevato Imbesi \u2013 <em>avevo segnalato al Sindaco ed alla Sua Giunta, attraverso una interpellanza urgente, la necessit\u00e0 urgente di opere di adeguamento al Ponte di Montereale, che pur essendo da molti anni oggetto di interessamento nei piani triennali delle opere pubbliche del Municipio di Potenza non era, per\u00f2, mai stato effettivamente sottoposto ad alcun intervento di manutenzione, pur necessitando in maniera evidente\u00a0 di una azione di conservazione repentina!&#8221;<\/em><\/p>\n<p>Il VicePresidente ha rimarcato che nonostante ci\u00f2 per ben 4 anni nulla di serio e concreto \u00e8 stato fatto, salvo attivare delle impalcature (che sono costate \u201clacrime e sangue\u201d alle casse del Comune) e una indagine tecnica realizzata da alcuni tecnici dell\u2019Universit\u00e0, secondo lo stesso Consigliere, non molto approfondita\u00a0 e quindi non certo completamente rassicurante per la cittadinanza.<\/p>\n<p>&#8220;<em>Certo con la mia azione di interpello ho ottenuto che l\u2019Ufficio tecnico e l\u2019Assessorato competente si accorgessero della questione ed attivassero un sopralluogo ed una verifica repentina dell\u2019area..<\/em> \u2013 ha sottolineato il Consigliere Municipale \u2013 <em>\u00a0Ma in realt\u00e0, oltre a questo, ben poco \u00e8 stato fatto: infatti il ponte di Montereale \u00e8 stato, fino ad oggi, soltanto &lt;&lt;impacchettato&gt;&gt; senza che nessun lavoro di sostegno e ripristino sia partito. Adesso leggo di un nuovo monitoraggio del quale non riesco onestamente a vedere l\u2019utilit\u00e0 (se non per spendere ulteriori soldi..) dato che la situazione di degrado \u00e8 lampante ed evidente a tutti: calcinacci ai piedi dei piloni, con crepe varie, con ferro a vista, ecc. Insomma mi chiedo a cosa sono serviti i soldi gi\u00e0 spesi negli anni scorsi se ogni volta bisogna &lt;&lt;rifare&gt;&gt; i monitoraggi\u2026 <\/em>&#8220;.<\/p>\n<p>Il Consigliere ha, in ogni caso, concluso augurandosi che dall\u2019ennesima &lt;&lt;valutazione&gt;&gt; emerga quanto prima la necessit\u00e0 di ristrutturazione del ponte e si possa finalmente intervenire con un finanziamento adeguato.<\/p>\n<p>&#8220;<em>Vedo che si sarebbe intenzionati a spendere 2,5 milioni di euro al ricevimento dei risultati dell\u2019indagine conoscitiva sul Ponte\u2026 <\/em>\u2013 ha chiuso Imbesi \u2013 <em>Dubito che i tempi possano essere effettivamente quelli dichiarati per una serie di questioni burocratiche ed amministrative ma in ogni caso mi auguro che non si tratti anche questa volta di parole al vento e si proceda davvero con i lavori di adeguamento, altrimenti potrebbe pensarsi alla solita promessa da campagna elettorale\u2026<\/em>&#8220;<\/p>\n","protected":false},"excerpt":{"rendered":"<p>Il VicePresidente del Consiglio Comunale di Potenza, Antonino Imbesi, in una nota, ha sottolineato che in relazione alla questione dei lavori di adeguamento del Ponte &#8230; <\/p>\n","protected":false},"author":1,"featured_media":0,"comment_status":"closed","ping_status":"closed","sticky":false,"template":"single-sidebar.php","format":"standard","meta":{"footnotes":""},"categories":[384],"tags":[],"class_list":["post-8037","post","type-post","status-publish","format-standard","hentry","category-c243-comunicati-stampa-dei-consiglieri-243"],"_links":{"self":[{"href":"https:\/\/archivio.comune.potenza.it\/index.php?rest_route=\/wp\/v2\/posts\/8037"}],"collection":[{"href":"https:\/\/archivio.comune.potenza.it\/index.php?rest_route=\/wp\/v2\/posts"}],"about":[{"href":"https:\/\/archivio.comune.potenza.it\/index.php?rest_route=\/wp\/v2\/types\/post"}],"author":[{"embeddable":true,"href":"https:\/\/archivio.comune.potenza.it\/index.php?rest_route=\/wp\/v2\/users\/1"}],"replies":[{"embeddable":true,"href":"https:\/\/archivio.comune.potenza.it\/index.php?rest_route=%2Fwp%2Fv2%2Fcomments&post=8037"}],"version-history":[{"count":0,"href":"https:\/\/archivio.comune.potenza.it\/index.php?rest_route=\/wp\/v2\/posts\/8037\/revisions"}],"wp:attachment":[{"href":"https:\/\/archivio.comune.potenza.it\/index.php?rest_route=%2Fwp%2Fv2%2Fmedia&parent=8037"}],"wp:term":[{"taxonomy":"category","embeddable":true,"href":"https:\/\/archivio.comune.potenza.it\/index.php?rest_route=%2Fwp%2Fv2%2Fcategories&post=8037"},{"taxonomy":"post_tag","embeddable":true,"href":"https:\/\/archivio.comune.potenza.it\/index.php?rest_route=%2Fwp%2Fv2%2Ftags&post=8037"}],"curies":[{"name":"wp","href":"https:\/\/api.w.org\/{rel}","templated":true}]}}