{"id":8044,"date":"2013-08-12T13:52:32","date_gmt":"2013-08-12T11:52:32","guid":{"rendered":"http:\/\/archivio.comune.potenza.it\/comune_wp\/?p=8044"},"modified":"2013-08-12T13:52:32","modified_gmt":"2013-08-12T11:52:32","slug":"filippo-gesualdi-con-santarsiero-per-potenza-gestione-strutture-del-parco-elisa-claps","status":"publish","type":"post","link":"https:\/\/archivio.comune.potenza.it\/?p=8044","title":{"rendered":"Filippo Gesualdi (Con Santarsiero per Potenza): Gestione strutture del Parco Elisa Claps"},"content":{"rendered":"<p>\u201cDopo una lunga attesa l\u2019Amministrazione comunale \u00e8 riuscita ad affidare in concessione\u00a0 il chiosco-ristoro , il chiosco belvedere , le aree tematiche e le strutture annesse all\u2019interno del parco comunale \u2018Elisa Claps\u2019 a Macchia Romana\u201d, cos\u00ec\u00a0 l\u2019esponente del gruppo consiliare comunale \u2018Con Santarsiero per Potenza\u2019 Filippo Gesualdi che, nell\u2019esprimere soddisfazione \u201cper l\u2019impegno assolto dall\u2019Amministrazione\u201d, formula i propri \u201cauguri alla signora Anna Brancucci, rappresentante dell\u2019impresa Clima Impianti, persona \u00a0conosciuta nel settore bar-ristorazione per la sua affidabilit\u00e0 e professionalit\u00e0, che sicuramente sapr\u00e0 svolgere al meglio il compito affidatole, considerato come, a prescindere dall\u2019offerta economica ritenuta la pi\u00f9 vantaggiosa, offerta della quale si giovano le casse comunali, in una fase finanziariamente delicata, \u00a0abbia presentato un progetto credibile. Un\u2019iniziativa che guarda al futuro, coinvolgendo direttamente, per alcune scelte, il Comitato di quartiere nell\u2019organizzazione, non solo di feste, ma anche e soprattutto di incontri culturali, prevedendo l\u2019apertura anche invernale. Un progetto meritevole di attenzione, sia come qualit\u00e0 funzionale, sia di allestimento dei chioschi e delle aree tematiche attrezzate, che punta, non solo alla cura e alla salvaguardia delle strutture che gli saranno affidate in concessione, ma alla manutenzione dell\u2019area verde. Ci sar\u00e0 sicuramente pi\u00f9 controllo e soprattutto pi\u00f9 sicurezza \u00a0al parco\u00a0 che, ultimamente,\u00a0 \u00e8 stato preso di mira\u00a0 da vandali, con atti che, in pi\u00f9 occasioni, hanno danneggiato le attrezzature all\u2019interno del parco, creando preoccupazione tra i residenti\u201d conclude il consigliere comunale Filippo Gesualdi.<\/p>\n","protected":false},"excerpt":{"rendered":"<p>\u201cDopo una lunga attesa l\u2019Amministrazione comunale \u00e8 riuscita ad affidare in concessione\u00a0 il chiosco-ristoro , il chiosco belvedere , le aree tematiche e le strutture &#8230; <\/p>\n","protected":false},"author":1,"featured_media":0,"comment_status":"closed","ping_status":"closed","sticky":false,"template":"single-sidebar.php","format":"standard","meta":{"footnotes":""},"categories":[384],"tags":[],"class_list":["post-8044","post","type-post","status-publish","format-standard","hentry","category-c243-comunicati-stampa-dei-consiglieri-243"],"_links":{"self":[{"href":"https:\/\/archivio.comune.potenza.it\/index.php?rest_route=\/wp\/v2\/posts\/8044"}],"collection":[{"href":"https:\/\/archivio.comune.potenza.it\/index.php?rest_route=\/wp\/v2\/posts"}],"about":[{"href":"https:\/\/archivio.comune.potenza.it\/index.php?rest_route=\/wp\/v2\/types\/post"}],"author":[{"embeddable":true,"href":"https:\/\/archivio.comune.potenza.it\/index.php?rest_route=\/wp\/v2\/users\/1"}],"replies":[{"embeddable":true,"href":"https:\/\/archivio.comune.potenza.it\/index.php?rest_route=%2Fwp%2Fv2%2Fcomments&post=8044"}],"version-history":[{"count":0,"href":"https:\/\/archivio.comune.potenza.it\/index.php?rest_route=\/wp\/v2\/posts\/8044\/revisions"}],"wp:attachment":[{"href":"https:\/\/archivio.comune.potenza.it\/index.php?rest_route=%2Fwp%2Fv2%2Fmedia&parent=8044"}],"wp:term":[{"taxonomy":"category","embeddable":true,"href":"https:\/\/archivio.comune.potenza.it\/index.php?rest_route=%2Fwp%2Fv2%2Fcategories&post=8044"},{"taxonomy":"post_tag","embeddable":true,"href":"https:\/\/archivio.comune.potenza.it\/index.php?rest_route=%2Fwp%2Fv2%2Ftags&post=8044"}],"curies":[{"name":"wp","href":"https:\/\/api.w.org\/{rel}","templated":true}]}}