{"id":8051,"date":"2013-08-14T16:00:15","date_gmt":"2013-08-14T14:00:15","guid":{"rendered":"http:\/\/archivio.comune.potenza.it\/comune_wp\/?p=8051"},"modified":"2013-08-14T16:00:15","modified_gmt":"2013-08-14T14:00:15","slug":"nicola-becce-popolo-della-liberta-governatore-del-pdl-alla-regione-basilicata","status":"publish","type":"post","link":"https:\/\/archivio.comune.potenza.it\/?p=8051","title":{"rendered":"Nicola Becce (Popolo della Libert\u00e0): Governatore del PDL alla Regione Basilicata"},"content":{"rendered":"<p>Di certo la politica non \u00e8 andata in vacanza in questi giorni, nonostante le difficolt\u00e0 oggettive che ha nei confronti dei cittadini e nonostante la non celata diffidenza che i cittadini hanno nei confronti della politica.<\/p>\n<p>Anche verso le opposizioni quindi anche nei confronti del Popolo della Libert\u00e0, che pur non amministrando in Basilicata \u201csoffre\u201d nel dialogo con la societ\u00e0 civile. Per questo considero positive le indiscrezioni uscite sulla stampa locale riguardo qualche nome possibile quale Candidato Governatore per la Basilicata. Per ora \u00e8 solo una terna che giudico positivissima per determinati motivi. Innanzitutto la novit\u00e0 non essendo nessuno un \u201cpolitico interno\u201d alle varie sigle e partiti.<\/p>\n<p>Il Direttore generale del Ministero dello Sviluppo Economico, l\u2019imprenditore Paolo Patrone e il direttore dell\u2019Azienda di Promozione Turistica Giampiero Perri hanno in comune questa caratteristica molto importante in un periodo di \u201cfrattura\u201d e diffidenza\u201d tra cittadini e partiti storici o tradizionali. Sono uomini che pur nelle loro differenze di professionalit\u00e0, vita e settore rappresentano il \u201cfare\u201d, del \u201ccostruire\u201d, del \u201cben dirigere\u201d, del mondo del lavoro e delle professioni.\u00a0 Caratteristiche oserei dire naturale per il pensiero e l\u2019agire politica di un centrodestra moderno ed europeo. Reputo che siamo in un periodo di svolta nella politica lucana, con le dimissioni di Vito De Filippo e le conseguenti elezioni si chiude una pagina e se ne pare una altra, una svolta che il Pdl e l\u2019intero centrodestra non pu\u00f2 perdere. Sia per una questione simbolica di mettere un candidato che non nasce da anguste segreterie di partito dopo i soliti e triti \u201criti\u201d del tutto autoreferenziali ma che proviene invece da ambienti dove si opera e lavora per il bene comune.<\/p>\n<p>Poi sia Esposito, sia Patrone che Perri possono aiutare l\u2019intero centrodestra a superare due gap che inutile far finta di nulla, ma tutte le sigle, i movimenti e di partiti della\u2019area di riferimento ne soffrono. Innanzitutto con le loro storie di successo professionale possono essere un candidato Governatore che pu\u00f2 cercare di sfondare verso il centro ed ottenere consensi dai moderati lucani, mentre un classico rappresentante del centrodestra, dove sia ben chiaro ci sono pure rappresentanti di spessore, sarebbe solo riferimento dell\u2019area di origine. Poi una personalit\u00e0 di spicco aiuterebbe Pdl e alleati nell\u2019impresa di avere un dialogo politico pi\u00f9 proficuo con la societ\u00e0 civile, che spesso per nostra inadempienza trova solo dialogo e scambio con il centrosinistra. Poi terza e ultima considerazione importante si comunicherebbe con i fatti ai lucani, che il Pdl ed il centrodestra \u00e8 capace di mettere al vertice della Regione un \u201cuomo nuovo\u201d per la ricerca del Bene Comune nell\u2019interesse della Basilicata e dei lucani.<\/p>\n","protected":false},"excerpt":{"rendered":"<p>Di certo la politica non \u00e8 andata in vacanza in questi giorni, nonostante le difficolt\u00e0 oggettive che ha nei confronti dei cittadini e nonostante la &#8230; <\/p>\n","protected":false},"author":1,"featured_media":0,"comment_status":"closed","ping_status":"closed","sticky":false,"template":"single-sidebar.php","format":"standard","meta":{"footnotes":""},"categories":[384],"tags":[],"class_list":["post-8051","post","type-post","status-publish","format-standard","hentry","category-c243-comunicati-stampa-dei-consiglieri-243"],"_links":{"self":[{"href":"https:\/\/archivio.comune.potenza.it\/index.php?rest_route=\/wp\/v2\/posts\/8051"}],"collection":[{"href":"https:\/\/archivio.comune.potenza.it\/index.php?rest_route=\/wp\/v2\/posts"}],"about":[{"href":"https:\/\/archivio.comune.potenza.it\/index.php?rest_route=\/wp\/v2\/types\/post"}],"author":[{"embeddable":true,"href":"https:\/\/archivio.comune.potenza.it\/index.php?rest_route=\/wp\/v2\/users\/1"}],"replies":[{"embeddable":true,"href":"https:\/\/archivio.comune.potenza.it\/index.php?rest_route=%2Fwp%2Fv2%2Fcomments&post=8051"}],"version-history":[{"count":0,"href":"https:\/\/archivio.comune.potenza.it\/index.php?rest_route=\/wp\/v2\/posts\/8051\/revisions"}],"wp:attachment":[{"href":"https:\/\/archivio.comune.potenza.it\/index.php?rest_route=%2Fwp%2Fv2%2Fmedia&parent=8051"}],"wp:term":[{"taxonomy":"category","embeddable":true,"href":"https:\/\/archivio.comune.potenza.it\/index.php?rest_route=%2Fwp%2Fv2%2Fcategories&post=8051"},{"taxonomy":"post_tag","embeddable":true,"href":"https:\/\/archivio.comune.potenza.it\/index.php?rest_route=%2Fwp%2Fv2%2Ftags&post=8051"}],"curies":[{"name":"wp","href":"https:\/\/api.w.org\/{rel}","templated":true}]}}